{"id":1112,"date":"2023-09-14T14:02:04","date_gmt":"2023-09-14T14:02:04","guid":{"rendered":"https:\/\/guidesi.ch\/2023\/unesco-die-prozessionen-der-karwoche-in-mendrisio\/"},"modified":"2023-09-27T09:32:57","modified_gmt":"2023-09-27T09:32:57","slug":"unesco-die-prozessionen-der-karwoche-in-mendrisio","status":"publish","type":"post","link":"https:\/\/guidesi.ch\/de\/unesco-die-prozessionen-der-karwoche-in-mendrisio\/","title":{"rendered":"UNESCO \u2013 Die Prozessionen der Karwoche in Mendrisio"},"content":{"rendered":"\t\t<div data-elementor-type=\"wp-post\" data-elementor-id=\"1112\" class=\"elementor elementor-1112 elementor-79\" data-elementor-post-type=\"post\">\n\t\t\t\t<div class=\"elementor-element elementor-element-26d721fd e-flex e-con-boxed e-con e-parent\" data-id=\"26d721fd\" data-element_type=\"container\" data-e-type=\"container\">\n\t\t\t\t\t<div class=\"e-con-inner\">\n\t\t\t\t<div class=\"elementor-element elementor-element-4f26b05a elementor-widget elementor-widget-image\" data-id=\"4f26b05a\" data-element_type=\"widget\" data-e-type=\"widget\" data-widget_type=\"image.default\">\n\t\t\t\t<div class=\"elementor-widget-container\">\n\t\t\t\t\t\t\t\t\t\t\t\t\t\t\t<img fetchpriority=\"high\" decoding=\"async\" width=\"1024\" height=\"512\" src=\"https:\/\/guidesi.ch\/2023\/wp-content\/uploads\/2023\/09\/1400x700_processioni-1-1170x585-1-1024x512.jpg\" class=\"attachment-large size-large wp-image-1114\" alt=\"\" srcset=\"https:\/\/guidesi.ch\/2023\/wp-content\/uploads\/2023\/09\/1400x700_processioni-1-1170x585-1-1024x512.jpg 1024w, https:\/\/guidesi.ch\/2023\/wp-content\/uploads\/2023\/09\/1400x700_processioni-1-1170x585-1-300x150.jpg 300w, https:\/\/guidesi.ch\/2023\/wp-content\/uploads\/2023\/09\/1400x700_processioni-1-1170x585-1-768x384.jpg 768w, https:\/\/guidesi.ch\/2023\/wp-content\/uploads\/2023\/09\/1400x700_processioni-1-1170x585-1.jpg 1170w\" sizes=\"(max-width: 1024px) 100vw, 1024px\" \/>\t\t\t\t\t\t\t\t\t\t\t\t\t\t\t<\/div>\n\t\t\t\t<\/div>\n\t\t\t\t\t<\/div>\n\t\t\t\t<\/div>\n\t\t<div class=\"elementor-element elementor-element-741ff3ff e-flex e-con-boxed e-con e-parent\" data-id=\"741ff3ff\" data-element_type=\"container\" data-e-type=\"container\">\n\t\t\t\t\t<div class=\"e-con-inner\">\n\t\t<div class=\"elementor-element elementor-element-5d724bad e-con-full e-flex e-con e-child\" data-id=\"5d724bad\" data-element_type=\"container\" data-e-type=\"container\">\n\t\t\t\t<div class=\"elementor-element elementor-element-6c1ac3b2 elementor-widget elementor-widget-heading\" data-id=\"6c1ac3b2\" data-element_type=\"widget\" data-e-type=\"widget\" data-widget_type=\"heading.default\">\n\t\t\t\t<div class=\"elementor-widget-container\">\n\t\t\t\t\t<h2 class=\"elementor-heading-title elementor-size-default\">UNESCO \u2013 Die Prozessionen der Karwoche in Mendrisio<\/h2>\t\t\t\t<\/div>\n\t\t\t\t<\/div>\n\t\t\t\t<div class=\"elementor-element elementor-element-38e5274d elementor-widget elementor-widget-text-editor\" data-id=\"38e5274d\" data-element_type=\"widget\" data-e-type=\"widget\" data-widget_type=\"text-editor.default\">\n\t\t\t\t<div class=\"elementor-widget-container\">\n\t\t\t\t\t\t\t\t\t<p>Die Prozessionen finden jedes Jahr am Gr\u00fcndonnerstag und Karfreitag in Mendrisio statt. Ein unverzichtbares und einzigartiges Ereignis, bei dem die Geschichte zu einem Spektakel in der Fortf\u00fchrung der Tradition wird. Wenn sie durch die Strassen des Ortskerns gehen, strahlt das ged\u00e4mpfte Licht der \u00abTransparente\u00bb, durchsichtige Gem\u00e4lde auf Leinwand, die auf von innen beleuchtete \u00abRahmen\u00bb gespannt sind. Die in einer speziellen, auf das 18. Jahrhundert zur\u00fcckgehende Technik ausgef\u00fchrten \u00abTransparente\u00bb sind typisch f\u00fcr die Prozessionen und stellen ein zentrales Element der Kandidatur dar. Die Gr\u00fcndonnerstagsprozession ist der Passion und dem Kreuzweg Christi gewidmet und wird von rund 270 Darstellern durchgef\u00fchrt.Die Freitagsprozession ist strenger und feierlicher mit \u00fcber 700 Darstellern.     <br \/>Das Bewergungsdossier der Prozessionen von Mendrisio in der Karwoche wurde offiziell bei der UNESCO in Paris am 27. M\u00e4rz 2018 eingereicht, um in die Repr\u00e4sentative Liste des immateriellen Kulturerbes der Menschheit aufgenommen zu werden. Das Zwischenstaatliche Komitee f\u00fcr die Bewahrung des immateriellen Kulturerbes, das in Bogot\u00e1 (Kolumbien) zu seiner vierzehnten Sitzung zusammentrat, beschloss am 12. Dezember 2019, die Prozessionen der Karwoche in Mendrisio in seine Repr\u00e4sentative Liste aufzunehmen. <\/p>\n\t\t\t\t\t\t\t\t<\/div>\n\t\t\t\t<\/div>\n\t\t\t\t<\/div>\n\t\t<div class=\"elementor-element elementor-element-70ab838 e-con-full e-flex e-con e-child\" data-id=\"70ab838\" data-element_type=\"container\" data-e-type=\"container\">\n\t\t\t\t<div class=\"elementor-element elementor-element-782166ec elementor-widget elementor-widget-heading\" data-id=\"782166ec\" data-element_type=\"widget\" data-e-type=\"widget\" data-widget_type=\"heading.default\">\n\t\t\t\t<div class=\"elementor-widget-container\">\n\t\t\t\t\t<h2 class=\"elementor-heading-title elementor-size-default\">WEITERE INFORMATIONEN:<\/h2>\t\t\t\t<\/div>\n\t\t\t\t<\/div>\n\t\t\t\t<div class=\"elementor-element elementor-element-7ea447e4 elementor-widget elementor-widget-text-editor\" data-id=\"7ea447e4\" data-element_type=\"widget\" data-e-type=\"widget\" data-widget_type=\"text-editor.default\">\n\t\t\t\t<div class=\"elementor-widget-container\">\n\t\t\t\t\t\t\t\t\t<p>E-Mail: <a href=\"mailto:info@guidesi.ch\">info@guidesi.ch<\/a><\/p>\n\t\t\t\t\t\t\t\t<\/div>\n\t\t\t\t<\/div>\n\t\t\t\t<\/div>\n\t\t\t\t\t<\/div>\n\t\t\t\t<\/div>\n\t\t<div class=\"elementor-element elementor-element-33425744 e-flex e-con-boxed e-con e-parent\" data-id=\"33425744\" data-element_type=\"container\" data-e-type=\"container\">\n\t\t\t\t\t<div class=\"e-con-inner\">\n\t\t\t\t<div class=\"elementor-element elementor-element-1414c6b9 elementor-widget elementor-widget-heading\" data-id=\"1414c6b9\" data-element_type=\"widget\" data-e-type=\"widget\" data-widget_type=\"heading.default\">\n\t\t\t\t<div class=\"elementor-widget-container\">\n\t\t\t\t\t<h2 class=\"elementor-heading-title elementor-size-default\">Tours<\/h2>\t\t\t\t<\/div>\n\t\t\t\t<\/div>\n\t\t\t\t\t<\/div>\n\t\t\t\t<\/div>\n\t\t\t\t<\/div>\n\t\t","protected":false},"excerpt":{"rendered":"<p>UNESCO \u2013 Die Prozessionen der Karwoche in Mendrisio Die Prozessionen finden jedes Jahr am Gr\u00fcndonnerstag und Karfreitag in Mendrisio statt. Ein unverzichtbares und einzigartiges Ereignis, bei dem die Geschichte zu einem Spektakel in der Fortf\u00fchrung der Tradition wird. Wenn sie durch die Strassen des Ortskerns gehen, strahlt das ged\u00e4mpfte Licht der \u00abTransparente\u00bb, durchsichtige Gem\u00e4lde auf [&hellip;]<\/p>\n","protected":false},"author":1,"featured_media":1113,"comment_status":"open","ping_status":"closed","sticky":false,"template":"elementor_header_footer","format":"standard","meta":{"site-sidebar-layout":"default","site-content-layout":"","ast-site-content-layout":"default","site-content-style":"default","site-sidebar-style":"default","ast-global-header-display":"","ast-banner-title-visibility":"","ast-main-header-display":"","ast-hfb-above-header-display":"","ast-hfb-below-header-display":"","ast-hfb-mobile-header-display":"","site-post-title":"","ast-breadcrumbs-content":"","ast-featured-img":"","footer-sml-layout":"","ast-disable-related-posts":"","theme-transparent-header-meta":"","adv-header-id-meta":"","stick-header-meta":"","header-above-stick-meta":"","header-main-stick-meta":"","header-below-stick-meta":"","astra-migrate-meta-layouts":"default","ast-page-background-enabled":"default","ast-page-background-meta":{"desktop":{"background-color":"var(--ast-global-color-4)","background-image":"","background-repeat":"repeat","background-position":"center center","background-size":"auto","background-attachment":"scroll","background-type":"","background-media":"","overlay-type":"","overlay-color":"","overlay-opacity":"","overlay-gradient":""},"tablet":{"background-color":"","background-image":"","background-repeat":"repeat","background-position":"center center","background-size":"auto","background-attachment":"scroll","background-type":"","background-media":"","overlay-type":"","overlay-color":"","overlay-opacity":"","overlay-gradient":""},"mobile":{"background-color":"","background-image":"","background-repeat":"repeat","background-position":"center center","background-size":"auto","background-attachment":"scroll","background-type":"","background-media":"","overlay-type":"","overlay-color":"","overlay-opacity":"","overlay-gradient":""}},"ast-content-background-meta":{"desktop":{"background-color":"var(--ast-global-color-5)","background-image":"","background-repeat":"repeat","background-position":"center center","background-size":"auto","background-attachment":"scroll","background-type":"","background-media":"","overlay-type":"","overlay-color":"","overlay-opacity":"","overlay-gradient":""},"tablet":{"background-color":"var(--ast-global-color-5)","background-image":"","background-repeat":"repeat","background-position":"center center","background-size":"auto","background-attachment":"scroll","background-type":"","background-media":"","overlay-type":"","overlay-color":"","overlay-opacity":"","overlay-gradient":""},"mobile":{"background-color":"var(--ast-global-color-5)","background-image":"","background-repeat":"repeat","background-position":"center center","background-size":"auto","background-attachment":"scroll","background-type":"","background-media":"","overlay-type":"","overlay-color":"","overlay-opacity":"","overlay-gradient":""}},"footnotes":""},"categories":[63],"tags":[42],"class_list":["post-1112","post","type-post","status-publish","format-standard","has-post-thumbnail","hentry","category-unesco-orte","tag-tour-de"],"yoast_head":"<!-- This site is optimized with the Yoast SEO plugin v27.4 - https:\/\/yoast.com\/product\/yoast-seo-wordpress\/ -->\n<title>UNESCO \u2013 Die Prozessionen der Karwoche in Mendrisio - GuideSi<\/title>\n<meta name=\"robots\" content=\"index, follow, max-snippet:-1, max-image-preview:large, max-video-preview:-1\" \/>\n<link rel=\"canonical\" href=\"https:\/\/guidesi.ch\/unesco-le-processioni-della-settimana-santa-di-mendrisio\/\" \/>\n<meta property=\"og:locale\" content=\"de_DE\" \/>\n<meta property=\"og:type\" content=\"article\" \/>\n<meta property=\"og:title\" content=\"UNESCO \u2013 Die Prozessionen der Karwoche in Mendrisio - GuideSi\" \/>\n<meta property=\"og:description\" content=\"UNESCO \u2013 Die Prozessionen der Karwoche in Mendrisio Die Prozessionen finden jedes Jahr am Gr\u00fcndonnerstag und Karfreitag in Mendrisio statt. Ein unverzichtbares und einzigartiges Ereignis, bei dem die Geschichte zu einem Spektakel in der Fortf\u00fchrung der Tradition wird. Wenn sie durch die Strassen des Ortskerns gehen, strahlt das ged\u00e4mpfte Licht der \u00abTransparente\u00bb, durchsichtige Gem\u00e4lde auf [&hellip;]\" \/>\n<meta property=\"og:url\" content=\"https:\/\/guidesi.ch\/unesco-le-processioni-della-settimana-santa-di-mendrisio\/\" \/>\n<meta property=\"og:site_name\" content=\"GuideSi\" \/>\n<meta property=\"article:published_time\" content=\"2023-09-14T14:02:04+00:00\" \/>\n<meta property=\"article:modified_time\" content=\"2023-09-27T09:32:57+00:00\" \/>\n<meta property=\"og:image\" content=\"https:\/\/guidesi.ch\/2023\/wp-content\/uploads\/2023\/09\/250x250_processioni.jpg\" \/>\n\t<meta property=\"og:image:width\" content=\"250\" \/>\n\t<meta property=\"og:image:height\" content=\"250\" \/>\n\t<meta property=\"og:image:type\" content=\"image\/jpeg\" \/>\n<meta name=\"author\" content=\"admin\" \/>\n<meta name=\"twitter:card\" content=\"summary_large_image\" \/>\n<meta name=\"twitter:label1\" content=\"Verfasst von\" \/>\n\t<meta name=\"twitter:data1\" content=\"admin\" \/>\n\t<meta name=\"twitter:label2\" content=\"Gesch\u00e4tzte Lesezeit\" \/>\n\t<meta name=\"twitter:data2\" content=\"1\u00a0Minute\" \/>\n<script type=\"application\/ld+json\" class=\"yoast-schema-graph\">{\"@context\":\"https:\\\/\\\/schema.org\",\"@graph\":[{\"@type\":\"Article\",\"@id\":\"https:\\\/\\\/guidesi.ch\\\/unesco-le-processioni-della-settimana-santa-di-mendrisio\\\/#article\",\"isPartOf\":{\"@id\":\"https:\\\/\\\/guidesi.ch\\\/unesco-le-processioni-della-settimana-santa-di-mendrisio\\\/\"},\"author\":{\"name\":\"admin\",\"@id\":\"https:\\\/\\\/guidesi.ch\\\/#\\\/schema\\\/person\\\/287a0cb62a6b88425e5e785bf68350de\"},\"headline\":\"UNESCO \u2013 Die Prozessionen der Karwoche in Mendrisio\",\"datePublished\":\"2023-09-14T14:02:04+00:00\",\"dateModified\":\"2023-09-27T09:32:57+00:00\",\"mainEntityOfPage\":{\"@id\":\"https:\\\/\\\/guidesi.ch\\\/unesco-le-processioni-della-settimana-santa-di-mendrisio\\\/\"},\"wordCount\":203,\"commentCount\":0,\"publisher\":{\"@id\":\"https:\\\/\\\/guidesi.ch\\\/#organization\"},\"image\":{\"@id\":\"https:\\\/\\\/guidesi.ch\\\/unesco-le-processioni-della-settimana-santa-di-mendrisio\\\/#primaryimage\"},\"thumbnailUrl\":\"https:\\\/\\\/guidesi.ch\\\/2023\\\/wp-content\\\/uploads\\\/2023\\\/09\\\/250x250_processioni.jpg\",\"keywords\":[\"TOUR\"],\"articleSection\":[\"UNESCO \u00d6RTE\"],\"inLanguage\":\"de\",\"potentialAction\":[{\"@type\":\"CommentAction\",\"name\":\"Comment\",\"target\":[\"https:\\\/\\\/guidesi.ch\\\/unesco-le-processioni-della-settimana-santa-di-mendrisio\\\/#respond\"]}]},{\"@type\":\"WebPage\",\"@id\":\"https:\\\/\\\/guidesi.ch\\\/unesco-le-processioni-della-settimana-santa-di-mendrisio\\\/\",\"url\":\"https:\\\/\\\/guidesi.ch\\\/unesco-le-processioni-della-settimana-santa-di-mendrisio\\\/\",\"name\":\"UNESCO \u2013 Die Prozessionen der Karwoche in Mendrisio - GuideSi\",\"isPartOf\":{\"@id\":\"https:\\\/\\\/guidesi.ch\\\/#website\"},\"primaryImageOfPage\":{\"@id\":\"https:\\\/\\\/guidesi.ch\\\/unesco-le-processioni-della-settimana-santa-di-mendrisio\\\/#primaryimage\"},\"image\":{\"@id\":\"https:\\\/\\\/guidesi.ch\\\/unesco-le-processioni-della-settimana-santa-di-mendrisio\\\/#primaryimage\"},\"thumbnailUrl\":\"https:\\\/\\\/guidesi.ch\\\/2023\\\/wp-content\\\/uploads\\\/2023\\\/09\\\/250x250_processioni.jpg\",\"datePublished\":\"2023-09-14T14:02:04+00:00\",\"dateModified\":\"2023-09-27T09:32:57+00:00\",\"breadcrumb\":{\"@id\":\"https:\\\/\\\/guidesi.ch\\\/unesco-le-processioni-della-settimana-santa-di-mendrisio\\\/#breadcrumb\"},\"inLanguage\":\"de\",\"potentialAction\":[{\"@type\":\"ReadAction\",\"target\":[\"https:\\\/\\\/guidesi.ch\\\/unesco-le-processioni-della-settimana-santa-di-mendrisio\\\/\"]}]},{\"@type\":\"ImageObject\",\"inLanguage\":\"de\",\"@id\":\"https:\\\/\\\/guidesi.ch\\\/unesco-le-processioni-della-settimana-santa-di-mendrisio\\\/#primaryimage\",\"url\":\"https:\\\/\\\/guidesi.ch\\\/2023\\\/wp-content\\\/uploads\\\/2023\\\/09\\\/250x250_processioni.jpg\",\"contentUrl\":\"https:\\\/\\\/guidesi.ch\\\/2023\\\/wp-content\\\/uploads\\\/2023\\\/09\\\/250x250_processioni.jpg\",\"width\":250,\"height\":250},{\"@type\":\"BreadcrumbList\",\"@id\":\"https:\\\/\\\/guidesi.ch\\\/unesco-le-processioni-della-settimana-santa-di-mendrisio\\\/#breadcrumb\",\"itemListElement\":[{\"@type\":\"ListItem\",\"position\":1,\"name\":\"Home\",\"item\":\"https:\\\/\\\/guidesi.ch\\\/\"},{\"@type\":\"ListItem\",\"position\":2,\"name\":\"UNESCO \u2013 Die Prozessionen der Karwoche in Mendrisio\"}]},{\"@type\":\"WebSite\",\"@id\":\"https:\\\/\\\/guidesi.ch\\\/#website\",\"url\":\"https:\\\/\\\/guidesi.ch\\\/\",\"name\":\"GuideSi\",\"description\":\"Guide Turistiche della Svizzera Italiana\",\"publisher\":{\"@id\":\"https:\\\/\\\/guidesi.ch\\\/#organization\"},\"potentialAction\":[{\"@type\":\"SearchAction\",\"target\":{\"@type\":\"EntryPoint\",\"urlTemplate\":\"https:\\\/\\\/guidesi.ch\\\/?s={search_term_string}\"},\"query-input\":{\"@type\":\"PropertyValueSpecification\",\"valueRequired\":true,\"valueName\":\"search_term_string\"}}],\"inLanguage\":\"de\"},{\"@type\":\"Organization\",\"@id\":\"https:\\\/\\\/guidesi.ch\\\/#organization\",\"name\":\"GuideSi\",\"url\":\"https:\\\/\\\/guidesi.ch\\\/\",\"logo\":{\"@type\":\"ImageObject\",\"inLanguage\":\"de\",\"@id\":\"https:\\\/\\\/guidesi.ch\\\/#\\\/schema\\\/logo\\\/image\\\/\",\"url\":\"https:\\\/\\\/guidesi.ch\\\/2023\\\/wp-content\\\/uploads\\\/2023\\\/09\\\/400x120_guidesi_logo.png\",\"contentUrl\":\"https:\\\/\\\/guidesi.ch\\\/2023\\\/wp-content\\\/uploads\\\/2023\\\/09\\\/400x120_guidesi_logo.png\",\"width\":400,\"height\":120,\"caption\":\"GuideSi\"},\"image\":{\"@id\":\"https:\\\/\\\/guidesi.ch\\\/#\\\/schema\\\/logo\\\/image\\\/\"}},{\"@type\":\"Person\",\"@id\":\"https:\\\/\\\/guidesi.ch\\\/#\\\/schema\\\/person\\\/287a0cb62a6b88425e5e785bf68350de\",\"name\":\"admin\",\"image\":{\"@type\":\"ImageObject\",\"inLanguage\":\"de\",\"@id\":\"https:\\\/\\\/secure.gravatar.com\\\/avatar\\\/37c506f5d8aabe4a71f944fdc6d7c9c68f1a687f9d18adee23a2a20cbdcadde0?s=96&d=mm&r=g\",\"url\":\"https:\\\/\\\/secure.gravatar.com\\\/avatar\\\/37c506f5d8aabe4a71f944fdc6d7c9c68f1a687f9d18adee23a2a20cbdcadde0?s=96&d=mm&r=g\",\"contentUrl\":\"https:\\\/\\\/secure.gravatar.com\\\/avatar\\\/37c506f5d8aabe4a71f944fdc6d7c9c68f1a687f9d18adee23a2a20cbdcadde0?s=96&d=mm&r=g\",\"caption\":\"admin\"},\"sameAs\":[\"https:\\\/\\\/guidesi.ch\\\/2023\"],\"url\":\"https:\\\/\\\/guidesi.ch\\\/de\\\/author\\\/fabio\\\/\"}]}<\/script>\n<!-- \/ Yoast SEO plugin. -->","yoast_head_json":{"title":"UNESCO \u2013 Die Prozessionen der Karwoche in Mendrisio - GuideSi","robots":{"index":"index","follow":"follow","max-snippet":"max-snippet:-1","max-image-preview":"max-image-preview:large","max-video-preview":"max-video-preview:-1"},"canonical":"https:\/\/guidesi.ch\/unesco-le-processioni-della-settimana-santa-di-mendrisio\/","og_locale":"de_DE","og_type":"article","og_title":"UNESCO \u2013 Die Prozessionen der Karwoche in Mendrisio - GuideSi","og_description":"UNESCO \u2013 Die Prozessionen der Karwoche in Mendrisio Die Prozessionen finden jedes Jahr am Gr\u00fcndonnerstag und Karfreitag in Mendrisio statt. Ein unverzichtbares und einzigartiges Ereignis, bei dem die Geschichte zu einem Spektakel in der Fortf\u00fchrung der Tradition wird. Wenn sie durch die Strassen des Ortskerns gehen, strahlt das ged\u00e4mpfte Licht der \u00abTransparente\u00bb, durchsichtige Gem\u00e4lde auf [&hellip;]","og_url":"https:\/\/guidesi.ch\/unesco-le-processioni-della-settimana-santa-di-mendrisio\/","og_site_name":"GuideSi","article_published_time":"2023-09-14T14:02:04+00:00","article_modified_time":"2023-09-27T09:32:57+00:00","og_image":[{"width":250,"height":250,"url":"https:\/\/guidesi.ch\/2023\/wp-content\/uploads\/2023\/09\/250x250_processioni.jpg","type":"image\/jpeg"}],"author":"admin","twitter_card":"summary_large_image","twitter_misc":{"Verfasst von":"admin","Gesch\u00e4tzte Lesezeit":"1\u00a0Minute"},"schema":{"@context":"https:\/\/schema.org","@graph":[{"@type":"Article","@id":"https:\/\/guidesi.ch\/unesco-le-processioni-della-settimana-santa-di-mendrisio\/#article","isPartOf":{"@id":"https:\/\/guidesi.ch\/unesco-le-processioni-della-settimana-santa-di-mendrisio\/"},"author":{"name":"admin","@id":"https:\/\/guidesi.ch\/#\/schema\/person\/287a0cb62a6b88425e5e785bf68350de"},"headline":"UNESCO \u2013 Die Prozessionen der Karwoche in Mendrisio","datePublished":"2023-09-14T14:02:04+00:00","dateModified":"2023-09-27T09:32:57+00:00","mainEntityOfPage":{"@id":"https:\/\/guidesi.ch\/unesco-le-processioni-della-settimana-santa-di-mendrisio\/"},"wordCount":203,"commentCount":0,"publisher":{"@id":"https:\/\/guidesi.ch\/#organization"},"image":{"@id":"https:\/\/guidesi.ch\/unesco-le-processioni-della-settimana-santa-di-mendrisio\/#primaryimage"},"thumbnailUrl":"https:\/\/guidesi.ch\/2023\/wp-content\/uploads\/2023\/09\/250x250_processioni.jpg","keywords":["TOUR"],"articleSection":["UNESCO \u00d6RTE"],"inLanguage":"de","potentialAction":[{"@type":"CommentAction","name":"Comment","target":["https:\/\/guidesi.ch\/unesco-le-processioni-della-settimana-santa-di-mendrisio\/#respond"]}]},{"@type":"WebPage","@id":"https:\/\/guidesi.ch\/unesco-le-processioni-della-settimana-santa-di-mendrisio\/","url":"https:\/\/guidesi.ch\/unesco-le-processioni-della-settimana-santa-di-mendrisio\/","name":"UNESCO \u2013 Die Prozessionen der Karwoche in Mendrisio - GuideSi","isPartOf":{"@id":"https:\/\/guidesi.ch\/#website"},"primaryImageOfPage":{"@id":"https:\/\/guidesi.ch\/unesco-le-processioni-della-settimana-santa-di-mendrisio\/#primaryimage"},"image":{"@id":"https:\/\/guidesi.ch\/unesco-le-processioni-della-settimana-santa-di-mendrisio\/#primaryimage"},"thumbnailUrl":"https:\/\/guidesi.ch\/2023\/wp-content\/uploads\/2023\/09\/250x250_processioni.jpg","datePublished":"2023-09-14T14:02:04+00:00","dateModified":"2023-09-27T09:32:57+00:00","breadcrumb":{"@id":"https:\/\/guidesi.ch\/unesco-le-processioni-della-settimana-santa-di-mendrisio\/#breadcrumb"},"inLanguage":"de","potentialAction":[{"@type":"ReadAction","target":["https:\/\/guidesi.ch\/unesco-le-processioni-della-settimana-santa-di-mendrisio\/"]}]},{"@type":"ImageObject","inLanguage":"de","@id":"https:\/\/guidesi.ch\/unesco-le-processioni-della-settimana-santa-di-mendrisio\/#primaryimage","url":"https:\/\/guidesi.ch\/2023\/wp-content\/uploads\/2023\/09\/250x250_processioni.jpg","contentUrl":"https:\/\/guidesi.ch\/2023\/wp-content\/uploads\/2023\/09\/250x250_processioni.jpg","width":250,"height":250},{"@type":"BreadcrumbList","@id":"https:\/\/guidesi.ch\/unesco-le-processioni-della-settimana-santa-di-mendrisio\/#breadcrumb","itemListElement":[{"@type":"ListItem","position":1,"name":"Home","item":"https:\/\/guidesi.ch\/"},{"@type":"ListItem","position":2,"name":"UNESCO \u2013 Die Prozessionen der Karwoche in Mendrisio"}]},{"@type":"WebSite","@id":"https:\/\/guidesi.ch\/#website","url":"https:\/\/guidesi.ch\/","name":"GuideSi","description":"Guide Turistiche della Svizzera Italiana","publisher":{"@id":"https:\/\/guidesi.ch\/#organization"},"potentialAction":[{"@type":"SearchAction","target":{"@type":"EntryPoint","urlTemplate":"https:\/\/guidesi.ch\/?s={search_term_string}"},"query-input":{"@type":"PropertyValueSpecification","valueRequired":true,"valueName":"search_term_string"}}],"inLanguage":"de"},{"@type":"Organization","@id":"https:\/\/guidesi.ch\/#organization","name":"GuideSi","url":"https:\/\/guidesi.ch\/","logo":{"@type":"ImageObject","inLanguage":"de","@id":"https:\/\/guidesi.ch\/#\/schema\/logo\/image\/","url":"https:\/\/guidesi.ch\/2023\/wp-content\/uploads\/2023\/09\/400x120_guidesi_logo.png","contentUrl":"https:\/\/guidesi.ch\/2023\/wp-content\/uploads\/2023\/09\/400x120_guidesi_logo.png","width":400,"height":120,"caption":"GuideSi"},"image":{"@id":"https:\/\/guidesi.ch\/#\/schema\/logo\/image\/"}},{"@type":"Person","@id":"https:\/\/guidesi.ch\/#\/schema\/person\/287a0cb62a6b88425e5e785bf68350de","name":"admin","image":{"@type":"ImageObject","inLanguage":"de","@id":"https:\/\/secure.gravatar.com\/avatar\/37c506f5d8aabe4a71f944fdc6d7c9c68f1a687f9d18adee23a2a20cbdcadde0?s=96&d=mm&r=g","url":"https:\/\/secure.gravatar.com\/avatar\/37c506f5d8aabe4a71f944fdc6d7c9c68f1a687f9d18adee23a2a20cbdcadde0?s=96&d=mm&r=g","contentUrl":"https:\/\/secure.gravatar.com\/avatar\/37c506f5d8aabe4a71f944fdc6d7c9c68f1a687f9d18adee23a2a20cbdcadde0?s=96&d=mm&r=g","caption":"admin"},"sameAs":["https:\/\/guidesi.ch\/2023"],"url":"https:\/\/guidesi.ch\/de\/author\/fabio\/"}]}},"_links":{"self":[{"href":"https:\/\/guidesi.ch\/de\/wp-json\/wp\/v2\/posts\/1112","targetHints":{"allow":["GET"]}}],"collection":[{"href":"https:\/\/guidesi.ch\/de\/wp-json\/wp\/v2\/posts"}],"about":[{"href":"https:\/\/guidesi.ch\/de\/wp-json\/wp\/v2\/types\/post"}],"author":[{"embeddable":true,"href":"https:\/\/guidesi.ch\/de\/wp-json\/wp\/v2\/users\/1"}],"replies":[{"embeddable":true,"href":"https:\/\/guidesi.ch\/de\/wp-json\/wp\/v2\/comments?post=1112"}],"version-history":[{"count":2,"href":"https:\/\/guidesi.ch\/de\/wp-json\/wp\/v2\/posts\/1112\/revisions"}],"predecessor-version":[{"id":3442,"href":"https:\/\/guidesi.ch\/de\/wp-json\/wp\/v2\/posts\/1112\/revisions\/3442"}],"wp:featuredmedia":[{"embeddable":true,"href":"https:\/\/guidesi.ch\/de\/wp-json\/wp\/v2\/media\/1113"}],"wp:attachment":[{"href":"https:\/\/guidesi.ch\/de\/wp-json\/wp\/v2\/media?parent=1112"}],"wp:term":[{"taxonomy":"category","embeddable":true,"href":"https:\/\/guidesi.ch\/de\/wp-json\/wp\/v2\/categories?post=1112"},{"taxonomy":"post_tag","embeddable":true,"href":"https:\/\/guidesi.ch\/de\/wp-json\/wp\/v2\/tags?post=1112"}],"curies":[{"name":"wp","href":"https:\/\/api.w.org\/{rel}","templated":true}]}}