{"id":4860,"date":"2025-05-26T14:30:20","date_gmt":"2025-05-26T14:30:20","guid":{"rendered":"https:\/\/guidesi.ch\/1975-2025-50-jahre-geschichte-fuehrungen-im-palazzo-dei-congressi-von-lugano\/"},"modified":"2025-05-27T15:01:18","modified_gmt":"2025-05-27T15:01:18","slug":"1975-2025-50-jahre-geschichte-fuehrungen-im-palazzo-dei-congressi-von-lugano","status":"publish","type":"post","link":"https:\/\/guidesi.ch\/de\/1975-2025-50-jahre-geschichte-fuehrungen-im-palazzo-dei-congressi-von-lugano\/","title":{"rendered":"1975-2025: 50 Jahre Geschichte! F\u00fchrungen im Palazzo dei Congressi von Lugano"},"content":{"rendered":"\t\t<div data-elementor-type=\"wp-post\" data-elementor-id=\"4860\" class=\"elementor elementor-4860 elementor-4842\" data-elementor-post-type=\"post\">\n\t\t\t\t<div class=\"elementor-element elementor-element-16661d01 e-flex e-con-boxed e-con e-parent\" data-id=\"16661d01\" data-element_type=\"container\" data-e-type=\"container\">\n\t\t\t\t\t<div class=\"e-con-inner\">\n\t\t\t\t<div class=\"elementor-element elementor-element-654c4a2b elementor-widget elementor-widget-image\" data-id=\"654c4a2b\" data-element_type=\"widget\" data-e-type=\"widget\" data-widget_type=\"image.default\">\n\t\t\t\t<div class=\"elementor-widget-container\">\n\t\t\t\t\t\t\t\t\t\t\t\t\t\t\t<img fetchpriority=\"high\" decoding=\"async\" width=\"1024\" height=\"512\" src=\"https:\/\/guidesi.ch\/2023\/wp-content\/uploads\/2025\/05\/palazzo-congressi-lugano-1400x700-min-1024x512.png\" class=\"attachment-large size-large wp-image-4852\" alt=\"\" srcset=\"https:\/\/guidesi.ch\/2023\/wp-content\/uploads\/2025\/05\/palazzo-congressi-lugano-1400x700-min-1024x512.png 1024w, https:\/\/guidesi.ch\/2023\/wp-content\/uploads\/2025\/05\/palazzo-congressi-lugano-1400x700-min-300x150.png 300w, https:\/\/guidesi.ch\/2023\/wp-content\/uploads\/2025\/05\/palazzo-congressi-lugano-1400x700-min-768x384.png 768w, https:\/\/guidesi.ch\/2023\/wp-content\/uploads\/2025\/05\/palazzo-congressi-lugano-1400x700-min.png 1400w\" sizes=\"(max-width: 1024px) 100vw, 1024px\" \/>\t\t\t\t\t\t\t\t\t\t\t\t\t\t\t<\/div>\n\t\t\t\t<\/div>\n\t\t\t\t\t<\/div>\n\t\t\t\t<\/div>\n\t\t<div class=\"elementor-element elementor-element-12752c4d e-flex e-con-boxed e-con e-parent\" data-id=\"12752c4d\" data-element_type=\"container\" data-e-type=\"container\">\n\t\t\t\t\t<div class=\"e-con-inner\">\n\t\t<div class=\"elementor-element elementor-element-6b3b989c e-con-full e-flex e-con e-child\" data-id=\"6b3b989c\" data-element_type=\"container\" data-e-type=\"container\">\n\t\t\t\t<div class=\"elementor-element elementor-element-11fbd3e2 elementor-widget elementor-widget-theme-post-title elementor-page-title elementor-widget-heading\" data-id=\"11fbd3e2\" data-element_type=\"widget\" data-e-type=\"widget\" data-widget_type=\"theme-post-title.default\">\n\t\t\t\t<div class=\"elementor-widget-container\">\n\t\t\t\t\t<h1 class=\"elementor-heading-title elementor-size-default\">1975-2025: 50 Jahre Geschichte! F\u00fchrungen im Palazzo dei Congressi von Lugano<\/h1>\t\t\t\t<\/div>\n\t\t\t\t<\/div>\n\t\t\t\t<div class=\"elementor-element elementor-element-5975da6c elementor-widget elementor-widget-text-editor\" data-id=\"5975da6c\" data-element_type=\"widget\" data-e-type=\"widget\" data-widget_type=\"text-editor.default\">\n\t\t\t\t<div class=\"elementor-widget-container\">\n\t\t\t\t\t\t\t\t\t<p>Entdecken Sie das Palazzo dei Congressi, seine Umgebung und die Villa Ciani. Was befand sich fr\u00fcher an diesem Ort? Wer hat das Geb\u00e4ude entworfen? Besichtigen Sie das Innere und die Backstage-Bereiche und betreten Sie die mit dem Palazzo verbundene Villa Ciani. W\u00e4hrend der F\u00fchrung erfahren Sie mehr \u00fcber besondere Veranstaltungen und ber\u00fchmte G\u00e4ste, garniert mit einigen interessanten Anekdoten.    <\/p><p><span style=\"font-family: Helvetica Neue;\">Foto:<\/span><span style=\"font-family: arial, sans-serif;\"> \u00a9 <\/span><span style=\"font-family: Helvetica Neue;\">Lugano Eventi e Congressi<\/span><\/p>\t\t\t\t\t\t\t\t<\/div>\n\t\t\t\t<\/div>\n\t\t\t\t<\/div>\n\t\t<div class=\"elementor-element elementor-element-3d7c1be4 e-con-full e-flex e-con e-child\" data-id=\"3d7c1be4\" data-element_type=\"container\" data-e-type=\"container\">\n\t\t\t\t<div class=\"elementor-element elementor-element-7b89c4fc elementor-widget elementor-widget-heading\" data-id=\"7b89c4fc\" data-element_type=\"widget\" data-e-type=\"widget\" data-widget_type=\"heading.default\">\n\t\t\t\t<div class=\"elementor-widget-container\">\n\t\t\t\t\t<h2 class=\"elementor-heading-title elementor-size-default\">WEITERE INFORMATIONEN:<\/h2>\t\t\t\t<\/div>\n\t\t\t\t<\/div>\n\t\t\t\t<div class=\"elementor-element elementor-element-46b75ef9 elementor-widget elementor-widget-text-editor\" data-id=\"46b75ef9\" data-element_type=\"widget\" data-e-type=\"widget\" data-widget_type=\"text-editor.default\">\n\t\t\t\t<div class=\"elementor-widget-container\">\n\t\t\t\t\t\t\t\t\t<p>E-Mail: <a href=\"mailto:info@guidesi.ch\">info@guidesi.ch<\/a><\/p>\t\t\t\t\t\t\t\t<\/div>\n\t\t\t\t<\/div>\n\t\t\t\t<\/div>\n\t\t\t\t\t<\/div>\n\t\t\t\t<\/div>\n\t\t<div class=\"elementor-element elementor-element-25e789b9 e-flex e-con-boxed e-con e-parent\" data-id=\"25e789b9\" data-element_type=\"container\" data-e-type=\"container\">\n\t\t\t\t\t<div class=\"e-con-inner\">\n\t\t\t\t<div class=\"elementor-element elementor-element-1ee61c11 elementor-widget elementor-widget-heading\" data-id=\"1ee61c11\" data-element_type=\"widget\" data-e-type=\"widget\" data-widget_type=\"heading.default\">\n\t\t\t\t<div class=\"elementor-widget-container\">\n\t\t\t\t\t<h2 class=\"elementor-heading-title elementor-size-default\">Tours<\/h2>\t\t\t\t<\/div>\n\t\t\t\t<\/div>\n\t\t\t\t\t<\/div>\n\t\t\t\t<\/div>\n\t\t\t\t<\/div>\n\t\t","protected":false},"excerpt":{"rendered":"<p>Entdecken Sie das Palazzo dei Congressi, seine Umgebung und die Villa Ciani. Was befand sich fr\u00fcher an diesem Ort? Wer hat das Geb\u00e4ude entworfen? Besichtigen Sie das Innere und die Backstage-Bereiche und betreten Sie die mit dem Palazzo verbundene Villa Ciani. W\u00e4hrend der F\u00fchrung erfahren Sie mehr \u00fcber besondere Veranstaltungen und ber\u00fchmte G\u00e4ste, garniert mit [&hellip;]<\/p>\n","protected":false},"author":1,"featured_media":4846,"comment_status":"closed","ping_status":"closed","sticky":false,"template":"elementor_header_footer","format":"standard","meta":{"site-sidebar-layout":"default","site-content-layout":"","ast-site-content-layout":"default","site-content-style":"default","site-sidebar-style":"default","ast-global-header-display":"","ast-banner-title-visibility":"","ast-main-header-display":"","ast-hfb-above-header-display":"","ast-hfb-below-header-display":"","ast-hfb-mobile-header-display":"","site-post-title":"","ast-breadcrumbs-content":"","ast-featured-img":"","footer-sml-layout":"","ast-disable-related-posts":"","theme-transparent-header-meta":"","adv-header-id-meta":"","stick-header-meta":"","header-above-stick-meta":"","header-main-stick-meta":"","header-below-stick-meta":"","astra-migrate-meta-layouts":"default","ast-page-background-enabled":"default","ast-page-background-meta":{"desktop":{"background-color":"var(--ast-global-color-4)","background-image":"","background-repeat":"repeat","background-position":"center center","background-size":"auto","background-attachment":"scroll","background-type":"","background-media":"","overlay-type":"","overlay-color":"","overlay-opacity":"","overlay-gradient":""},"tablet":{"background-color":"","background-image":"","background-repeat":"repeat","background-position":"center center","background-size":"auto","background-attachment":"scroll","background-type":"","background-media":"","overlay-type":"","overlay-color":"","overlay-opacity":"","overlay-gradient":""},"mobile":{"background-color":"","background-image":"","background-repeat":"repeat","background-position":"center center","background-size":"auto","background-attachment":"scroll","background-type":"","background-media":"","overlay-type":"","overlay-color":"","overlay-opacity":"","overlay-gradient":""}},"ast-content-background-meta":{"desktop":{"background-color":"var(--ast-global-color-5)","background-image":"","background-repeat":"repeat","background-position":"center center","background-size":"auto","background-attachment":"scroll","background-type":"","background-media":"","overlay-type":"","overlay-color":"","overlay-opacity":"","overlay-gradient":""},"tablet":{"background-color":"var(--ast-global-color-5)","background-image":"","background-repeat":"repeat","background-position":"center center","background-size":"auto","background-attachment":"scroll","background-type":"","background-media":"","overlay-type":"","overlay-color":"","overlay-opacity":"","overlay-gradient":""},"mobile":{"background-color":"var(--ast-global-color-5)","background-image":"","background-repeat":"repeat","background-position":"center center","background-size":"auto","background-attachment":"scroll","background-type":"","background-media":"","overlay-type":"","overlay-color":"","overlay-opacity":"","overlay-gradient":""}},"footnotes":""},"categories":[47],"tags":[42],"class_list":["post-4860","post","type-post","status-publish","format-standard","has-post-thumbnail","hentry","category-lugano-und-umgebung","tag-tour-de"],"yoast_head":"<!-- This site is optimized with the Yoast SEO plugin v27.4 - https:\/\/yoast.com\/product\/yoast-seo-wordpress\/ -->\n<title>Palazzo dei Congressi Lugano - GuideSi<\/title>\n<meta name=\"robots\" content=\"index, follow, max-snippet:-1, max-image-preview:large, max-video-preview:-1\" \/>\n<link rel=\"canonical\" href=\"https:\/\/guidesi.ch\/de\/1975-2025-50-jahre-geschichte-fuehrungen-im-palazzo-dei-congressi-von-lugano\/\" \/>\n<meta property=\"og:locale\" content=\"de_DE\" \/>\n<meta property=\"og:type\" content=\"article\" \/>\n<meta property=\"og:title\" content=\"Palazzo dei Congressi Lugano - GuideSi\" \/>\n<meta property=\"og:description\" content=\"Entdecken Sie das Palazzo dei Congressi, seine Umgebung und die Villa Ciani. Was befand sich fr\u00fcher an diesem Ort? Wer hat das Geb\u00e4ude entworfen? Besichtigen Sie das Innere und die Backstage-Bereiche und betreten Sie die mit dem Palazzo verbundene Villa Ciani. W\u00e4hrend der F\u00fchrung erfahren Sie mehr \u00fcber besondere Veranstaltungen und ber\u00fchmte G\u00e4ste, garniert mit [&hellip;]\" \/>\n<meta property=\"og:url\" content=\"https:\/\/guidesi.ch\/de\/1975-2025-50-jahre-geschichte-fuehrungen-im-palazzo-dei-congressi-von-lugano\/\" \/>\n<meta property=\"og:site_name\" content=\"GuideSi\" \/>\n<meta property=\"article:published_time\" content=\"2025-05-26T14:30:20+00:00\" \/>\n<meta property=\"article:modified_time\" content=\"2025-05-27T15:01:18+00:00\" \/>\n<meta property=\"og:image\" content=\"https:\/\/guidesi.ch\/2023\/wp-content\/uploads\/2025\/05\/palazzo-congressi-lugano-250x250-min.png\" \/>\n\t<meta property=\"og:image:width\" content=\"250\" \/>\n\t<meta property=\"og:image:height\" content=\"250\" \/>\n\t<meta property=\"og:image:type\" content=\"image\/png\" \/>\n<meta name=\"author\" content=\"admin\" \/>\n<meta name=\"twitter:card\" content=\"summary_large_image\" \/>\n<meta name=\"twitter:label1\" content=\"Verfasst von\" \/>\n\t<meta name=\"twitter:data1\" content=\"admin\" \/>\n<script type=\"application\/ld+json\" class=\"yoast-schema-graph\">{\"@context\":\"https:\\\/\\\/schema.org\",\"@graph\":[{\"@type\":\"Article\",\"@id\":\"https:\\\/\\\/guidesi.ch\\\/de\\\/1975-2025-50-jahre-geschichte-fuehrungen-im-palazzo-dei-congressi-von-lugano\\\/#article\",\"isPartOf\":{\"@id\":\"https:\\\/\\\/guidesi.ch\\\/de\\\/1975-2025-50-jahre-geschichte-fuehrungen-im-palazzo-dei-congressi-von-lugano\\\/\"},\"author\":{\"name\":\"admin\",\"@id\":\"https:\\\/\\\/guidesi.ch\\\/#\\\/schema\\\/person\\\/287a0cb62a6b88425e5e785bf68350de\"},\"headline\":\"1975-2025: 50 Jahre Geschichte! F\u00fchrungen im Palazzo dei Congressi von Lugano\",\"datePublished\":\"2025-05-26T14:30:20+00:00\",\"dateModified\":\"2025-05-27T15:01:18+00:00\",\"mainEntityOfPage\":{\"@id\":\"https:\\\/\\\/guidesi.ch\\\/de\\\/1975-2025-50-jahre-geschichte-fuehrungen-im-palazzo-dei-congressi-von-lugano\\\/\"},\"wordCount\":87,\"publisher\":{\"@id\":\"https:\\\/\\\/guidesi.ch\\\/#organization\"},\"image\":{\"@id\":\"https:\\\/\\\/guidesi.ch\\\/de\\\/1975-2025-50-jahre-geschichte-fuehrungen-im-palazzo-dei-congressi-von-lugano\\\/#primaryimage\"},\"thumbnailUrl\":\"https:\\\/\\\/guidesi.ch\\\/2023\\\/wp-content\\\/uploads\\\/2025\\\/05\\\/palazzo-congressi-lugano-250x250-min.png\",\"keywords\":[\"TOUR\"],\"articleSection\":[\"LUGANO UND UMGEBUNG\"],\"inLanguage\":\"de\"},{\"@type\":\"WebPage\",\"@id\":\"https:\\\/\\\/guidesi.ch\\\/de\\\/1975-2025-50-jahre-geschichte-fuehrungen-im-palazzo-dei-congressi-von-lugano\\\/\",\"url\":\"https:\\\/\\\/guidesi.ch\\\/de\\\/1975-2025-50-jahre-geschichte-fuehrungen-im-palazzo-dei-congressi-von-lugano\\\/\",\"name\":\"Palazzo dei Congressi Lugano - GuideSi\",\"isPartOf\":{\"@id\":\"https:\\\/\\\/guidesi.ch\\\/#website\"},\"primaryImageOfPage\":{\"@id\":\"https:\\\/\\\/guidesi.ch\\\/de\\\/1975-2025-50-jahre-geschichte-fuehrungen-im-palazzo-dei-congressi-von-lugano\\\/#primaryimage\"},\"image\":{\"@id\":\"https:\\\/\\\/guidesi.ch\\\/de\\\/1975-2025-50-jahre-geschichte-fuehrungen-im-palazzo-dei-congressi-von-lugano\\\/#primaryimage\"},\"thumbnailUrl\":\"https:\\\/\\\/guidesi.ch\\\/2023\\\/wp-content\\\/uploads\\\/2025\\\/05\\\/palazzo-congressi-lugano-250x250-min.png\",\"datePublished\":\"2025-05-26T14:30:20+00:00\",\"dateModified\":\"2025-05-27T15:01:18+00:00\",\"breadcrumb\":{\"@id\":\"https:\\\/\\\/guidesi.ch\\\/de\\\/1975-2025-50-jahre-geschichte-fuehrungen-im-palazzo-dei-congressi-von-lugano\\\/#breadcrumb\"},\"inLanguage\":\"de\",\"potentialAction\":[{\"@type\":\"ReadAction\",\"target\":[\"https:\\\/\\\/guidesi.ch\\\/de\\\/1975-2025-50-jahre-geschichte-fuehrungen-im-palazzo-dei-congressi-von-lugano\\\/\"]}]},{\"@type\":\"ImageObject\",\"inLanguage\":\"de\",\"@id\":\"https:\\\/\\\/guidesi.ch\\\/de\\\/1975-2025-50-jahre-geschichte-fuehrungen-im-palazzo-dei-congressi-von-lugano\\\/#primaryimage\",\"url\":\"https:\\\/\\\/guidesi.ch\\\/2023\\\/wp-content\\\/uploads\\\/2025\\\/05\\\/palazzo-congressi-lugano-250x250-min.png\",\"contentUrl\":\"https:\\\/\\\/guidesi.ch\\\/2023\\\/wp-content\\\/uploads\\\/2025\\\/05\\\/palazzo-congressi-lugano-250x250-min.png\",\"width\":250,\"height\":250},{\"@type\":\"BreadcrumbList\",\"@id\":\"https:\\\/\\\/guidesi.ch\\\/de\\\/1975-2025-50-jahre-geschichte-fuehrungen-im-palazzo-dei-congressi-von-lugano\\\/#breadcrumb\",\"itemListElement\":[{\"@type\":\"ListItem\",\"position\":1,\"name\":\"Home\",\"item\":\"https:\\\/\\\/guidesi.ch\\\/\"},{\"@type\":\"ListItem\",\"position\":2,\"name\":\"1975-2025: 50 Jahre Geschichte! F\u00fchrungen im Palazzo dei Congressi von Lugano\"}]},{\"@type\":\"WebSite\",\"@id\":\"https:\\\/\\\/guidesi.ch\\\/#website\",\"url\":\"https:\\\/\\\/guidesi.ch\\\/\",\"name\":\"GuideSi\",\"description\":\"Guide Turistiche della Svizzera Italiana\",\"publisher\":{\"@id\":\"https:\\\/\\\/guidesi.ch\\\/#organization\"},\"potentialAction\":[{\"@type\":\"SearchAction\",\"target\":{\"@type\":\"EntryPoint\",\"urlTemplate\":\"https:\\\/\\\/guidesi.ch\\\/?s={search_term_string}\"},\"query-input\":{\"@type\":\"PropertyValueSpecification\",\"valueRequired\":true,\"valueName\":\"search_term_string\"}}],\"inLanguage\":\"de\"},{\"@type\":\"Organization\",\"@id\":\"https:\\\/\\\/guidesi.ch\\\/#organization\",\"name\":\"GuideSi\",\"url\":\"https:\\\/\\\/guidesi.ch\\\/\",\"logo\":{\"@type\":\"ImageObject\",\"inLanguage\":\"de\",\"@id\":\"https:\\\/\\\/guidesi.ch\\\/#\\\/schema\\\/logo\\\/image\\\/\",\"url\":\"https:\\\/\\\/guidesi.ch\\\/2023\\\/wp-content\\\/uploads\\\/2023\\\/09\\\/400x120_guidesi_logo.png\",\"contentUrl\":\"https:\\\/\\\/guidesi.ch\\\/2023\\\/wp-content\\\/uploads\\\/2023\\\/09\\\/400x120_guidesi_logo.png\",\"width\":400,\"height\":120,\"caption\":\"GuideSi\"},\"image\":{\"@id\":\"https:\\\/\\\/guidesi.ch\\\/#\\\/schema\\\/logo\\\/image\\\/\"}},{\"@type\":\"Person\",\"@id\":\"https:\\\/\\\/guidesi.ch\\\/#\\\/schema\\\/person\\\/287a0cb62a6b88425e5e785bf68350de\",\"name\":\"admin\",\"image\":{\"@type\":\"ImageObject\",\"inLanguage\":\"de\",\"@id\":\"https:\\\/\\\/secure.gravatar.com\\\/avatar\\\/37c506f5d8aabe4a71f944fdc6d7c9c68f1a687f9d18adee23a2a20cbdcadde0?s=96&d=mm&r=g\",\"url\":\"https:\\\/\\\/secure.gravatar.com\\\/avatar\\\/37c506f5d8aabe4a71f944fdc6d7c9c68f1a687f9d18adee23a2a20cbdcadde0?s=96&d=mm&r=g\",\"contentUrl\":\"https:\\\/\\\/secure.gravatar.com\\\/avatar\\\/37c506f5d8aabe4a71f944fdc6d7c9c68f1a687f9d18adee23a2a20cbdcadde0?s=96&d=mm&r=g\",\"caption\":\"admin\"},\"sameAs\":[\"https:\\\/\\\/guidesi.ch\\\/2023\"],\"url\":\"https:\\\/\\\/guidesi.ch\\\/de\\\/author\\\/fabio\\\/\"}]}<\/script>\n<!-- \/ Yoast SEO plugin. -->","yoast_head_json":{"title":"Palazzo dei Congressi Lugano - GuideSi","robots":{"index":"index","follow":"follow","max-snippet":"max-snippet:-1","max-image-preview":"max-image-preview:large","max-video-preview":"max-video-preview:-1"},"canonical":"https:\/\/guidesi.ch\/de\/1975-2025-50-jahre-geschichte-fuehrungen-im-palazzo-dei-congressi-von-lugano\/","og_locale":"de_DE","og_type":"article","og_title":"Palazzo dei Congressi Lugano - GuideSi","og_description":"Entdecken Sie das Palazzo dei Congressi, seine Umgebung und die Villa Ciani. Was befand sich fr\u00fcher an diesem Ort? Wer hat das Geb\u00e4ude entworfen? Besichtigen Sie das Innere und die Backstage-Bereiche und betreten Sie die mit dem Palazzo verbundene Villa Ciani. W\u00e4hrend der F\u00fchrung erfahren Sie mehr \u00fcber besondere Veranstaltungen und ber\u00fchmte G\u00e4ste, garniert mit [&hellip;]","og_url":"https:\/\/guidesi.ch\/de\/1975-2025-50-jahre-geschichte-fuehrungen-im-palazzo-dei-congressi-von-lugano\/","og_site_name":"GuideSi","article_published_time":"2025-05-26T14:30:20+00:00","article_modified_time":"2025-05-27T15:01:18+00:00","og_image":[{"width":250,"height":250,"url":"https:\/\/guidesi.ch\/2023\/wp-content\/uploads\/2025\/05\/palazzo-congressi-lugano-250x250-min.png","type":"image\/png"}],"author":"admin","twitter_card":"summary_large_image","twitter_misc":{"Verfasst von":"admin"},"schema":{"@context":"https:\/\/schema.org","@graph":[{"@type":"Article","@id":"https:\/\/guidesi.ch\/de\/1975-2025-50-jahre-geschichte-fuehrungen-im-palazzo-dei-congressi-von-lugano\/#article","isPartOf":{"@id":"https:\/\/guidesi.ch\/de\/1975-2025-50-jahre-geschichte-fuehrungen-im-palazzo-dei-congressi-von-lugano\/"},"author":{"name":"admin","@id":"https:\/\/guidesi.ch\/#\/schema\/person\/287a0cb62a6b88425e5e785bf68350de"},"headline":"1975-2025: 50 Jahre Geschichte! F\u00fchrungen im Palazzo dei Congressi von Lugano","datePublished":"2025-05-26T14:30:20+00:00","dateModified":"2025-05-27T15:01:18+00:00","mainEntityOfPage":{"@id":"https:\/\/guidesi.ch\/de\/1975-2025-50-jahre-geschichte-fuehrungen-im-palazzo-dei-congressi-von-lugano\/"},"wordCount":87,"publisher":{"@id":"https:\/\/guidesi.ch\/#organization"},"image":{"@id":"https:\/\/guidesi.ch\/de\/1975-2025-50-jahre-geschichte-fuehrungen-im-palazzo-dei-congressi-von-lugano\/#primaryimage"},"thumbnailUrl":"https:\/\/guidesi.ch\/2023\/wp-content\/uploads\/2025\/05\/palazzo-congressi-lugano-250x250-min.png","keywords":["TOUR"],"articleSection":["LUGANO UND UMGEBUNG"],"inLanguage":"de"},{"@type":"WebPage","@id":"https:\/\/guidesi.ch\/de\/1975-2025-50-jahre-geschichte-fuehrungen-im-palazzo-dei-congressi-von-lugano\/","url":"https:\/\/guidesi.ch\/de\/1975-2025-50-jahre-geschichte-fuehrungen-im-palazzo-dei-congressi-von-lugano\/","name":"Palazzo dei Congressi Lugano - GuideSi","isPartOf":{"@id":"https:\/\/guidesi.ch\/#website"},"primaryImageOfPage":{"@id":"https:\/\/guidesi.ch\/de\/1975-2025-50-jahre-geschichte-fuehrungen-im-palazzo-dei-congressi-von-lugano\/#primaryimage"},"image":{"@id":"https:\/\/guidesi.ch\/de\/1975-2025-50-jahre-geschichte-fuehrungen-im-palazzo-dei-congressi-von-lugano\/#primaryimage"},"thumbnailUrl":"https:\/\/guidesi.ch\/2023\/wp-content\/uploads\/2025\/05\/palazzo-congressi-lugano-250x250-min.png","datePublished":"2025-05-26T14:30:20+00:00","dateModified":"2025-05-27T15:01:18+00:00","breadcrumb":{"@id":"https:\/\/guidesi.ch\/de\/1975-2025-50-jahre-geschichte-fuehrungen-im-palazzo-dei-congressi-von-lugano\/#breadcrumb"},"inLanguage":"de","potentialAction":[{"@type":"ReadAction","target":["https:\/\/guidesi.ch\/de\/1975-2025-50-jahre-geschichte-fuehrungen-im-palazzo-dei-congressi-von-lugano\/"]}]},{"@type":"ImageObject","inLanguage":"de","@id":"https:\/\/guidesi.ch\/de\/1975-2025-50-jahre-geschichte-fuehrungen-im-palazzo-dei-congressi-von-lugano\/#primaryimage","url":"https:\/\/guidesi.ch\/2023\/wp-content\/uploads\/2025\/05\/palazzo-congressi-lugano-250x250-min.png","contentUrl":"https:\/\/guidesi.ch\/2023\/wp-content\/uploads\/2025\/05\/palazzo-congressi-lugano-250x250-min.png","width":250,"height":250},{"@type":"BreadcrumbList","@id":"https:\/\/guidesi.ch\/de\/1975-2025-50-jahre-geschichte-fuehrungen-im-palazzo-dei-congressi-von-lugano\/#breadcrumb","itemListElement":[{"@type":"ListItem","position":1,"name":"Home","item":"https:\/\/guidesi.ch\/"},{"@type":"ListItem","position":2,"name":"1975-2025: 50 Jahre Geschichte! F\u00fchrungen im Palazzo dei Congressi von Lugano"}]},{"@type":"WebSite","@id":"https:\/\/guidesi.ch\/#website","url":"https:\/\/guidesi.ch\/","name":"GuideSi","description":"Guide Turistiche della Svizzera Italiana","publisher":{"@id":"https:\/\/guidesi.ch\/#organization"},"potentialAction":[{"@type":"SearchAction","target":{"@type":"EntryPoint","urlTemplate":"https:\/\/guidesi.ch\/?s={search_term_string}"},"query-input":{"@type":"PropertyValueSpecification","valueRequired":true,"valueName":"search_term_string"}}],"inLanguage":"de"},{"@type":"Organization","@id":"https:\/\/guidesi.ch\/#organization","name":"GuideSi","url":"https:\/\/guidesi.ch\/","logo":{"@type":"ImageObject","inLanguage":"de","@id":"https:\/\/guidesi.ch\/#\/schema\/logo\/image\/","url":"https:\/\/guidesi.ch\/2023\/wp-content\/uploads\/2023\/09\/400x120_guidesi_logo.png","contentUrl":"https:\/\/guidesi.ch\/2023\/wp-content\/uploads\/2023\/09\/400x120_guidesi_logo.png","width":400,"height":120,"caption":"GuideSi"},"image":{"@id":"https:\/\/guidesi.ch\/#\/schema\/logo\/image\/"}},{"@type":"Person","@id":"https:\/\/guidesi.ch\/#\/schema\/person\/287a0cb62a6b88425e5e785bf68350de","name":"admin","image":{"@type":"ImageObject","inLanguage":"de","@id":"https:\/\/secure.gravatar.com\/avatar\/37c506f5d8aabe4a71f944fdc6d7c9c68f1a687f9d18adee23a2a20cbdcadde0?s=96&d=mm&r=g","url":"https:\/\/secure.gravatar.com\/avatar\/37c506f5d8aabe4a71f944fdc6d7c9c68f1a687f9d18adee23a2a20cbdcadde0?s=96&d=mm&r=g","contentUrl":"https:\/\/secure.gravatar.com\/avatar\/37c506f5d8aabe4a71f944fdc6d7c9c68f1a687f9d18adee23a2a20cbdcadde0?s=96&d=mm&r=g","caption":"admin"},"sameAs":["https:\/\/guidesi.ch\/2023"],"url":"https:\/\/guidesi.ch\/de\/author\/fabio\/"}]}},"_links":{"self":[{"href":"https:\/\/guidesi.ch\/de\/wp-json\/wp\/v2\/posts\/4860","targetHints":{"allow":["GET"]}}],"collection":[{"href":"https:\/\/guidesi.ch\/de\/wp-json\/wp\/v2\/posts"}],"about":[{"href":"https:\/\/guidesi.ch\/de\/wp-json\/wp\/v2\/types\/post"}],"author":[{"embeddable":true,"href":"https:\/\/guidesi.ch\/de\/wp-json\/wp\/v2\/users\/1"}],"replies":[{"embeddable":true,"href":"https:\/\/guidesi.ch\/de\/wp-json\/wp\/v2\/comments?post=4860"}],"version-history":[{"count":1,"href":"https:\/\/guidesi.ch\/de\/wp-json\/wp\/v2\/posts\/4860\/revisions"}],"predecessor-version":[{"id":4861,"href":"https:\/\/guidesi.ch\/de\/wp-json\/wp\/v2\/posts\/4860\/revisions\/4861"}],"wp:featuredmedia":[{"embeddable":true,"href":"https:\/\/guidesi.ch\/de\/wp-json\/wp\/v2\/media\/4846"}],"wp:attachment":[{"href":"https:\/\/guidesi.ch\/de\/wp-json\/wp\/v2\/media?parent=4860"}],"wp:term":[{"taxonomy":"category","embeddable":true,"href":"https:\/\/guidesi.ch\/de\/wp-json\/wp\/v2\/categories?post=4860"},{"taxonomy":"post_tag","embeddable":true,"href":"https:\/\/guidesi.ch\/de\/wp-json\/wp\/v2\/tags?post=4860"}],"curies":[{"name":"wp","href":"https:\/\/api.w.org\/{rel}","templated":true}]}}