{"id":832,"date":"2023-09-15T13:59:00","date_gmt":"2023-09-15T13:59:00","guid":{"rendered":"https:\/\/guidesi.ch\/2023\/panorama-vom-monte-san-salvatore-bergab-zu-fuss\/"},"modified":"2023-09-27T09:15:26","modified_gmt":"2023-09-27T09:15:26","slug":"panorama-vom-monte-san-salvatore-bergab-zu-fuss","status":"publish","type":"post","link":"https:\/\/guidesi.ch\/de\/panorama-vom-monte-san-salvatore-bergab-zu-fuss\/","title":{"rendered":"Panorama vom Monte San Salvatore \u2013 bergab zu Fu\u00df"},"content":{"rendered":"\t\t<div data-elementor-type=\"wp-post\" data-elementor-id=\"832\" class=\"elementor elementor-832 elementor-360\" data-elementor-post-type=\"post\">\n\t\t\t\t<div class=\"elementor-element elementor-element-7171ed3c e-flex e-con-boxed e-con e-parent\" data-id=\"7171ed3c\" data-element_type=\"container\" data-e-type=\"container\">\n\t\t\t\t\t<div class=\"e-con-inner\">\n\t\t\t\t<div class=\"elementor-element elementor-element-4d16316b elementor-widget elementor-widget-image\" data-id=\"4d16316b\" data-element_type=\"widget\" data-e-type=\"widget\" data-widget_type=\"image.default\">\n\t\t\t\t<div class=\"elementor-widget-container\">\n\t\t\t\t\t\t\t\t\t\t\t\t\t\t\t<img fetchpriority=\"high\" decoding=\"async\" width=\"1024\" height=\"511\" src=\"https:\/\/guidesi.ch\/2023\/wp-content\/uploads\/2023\/09\/tour_san_salvatore-1170x584-1-1024x511.jpg\" class=\"attachment-large size-large wp-image-834\" alt=\"\" srcset=\"https:\/\/guidesi.ch\/2023\/wp-content\/uploads\/2023\/09\/tour_san_salvatore-1170x584-1-1024x511.jpg 1024w, https:\/\/guidesi.ch\/2023\/wp-content\/uploads\/2023\/09\/tour_san_salvatore-1170x584-1-300x150.jpg 300w, https:\/\/guidesi.ch\/2023\/wp-content\/uploads\/2023\/09\/tour_san_salvatore-1170x584-1-768x383.jpg 768w, https:\/\/guidesi.ch\/2023\/wp-content\/uploads\/2023\/09\/tour_san_salvatore-1170x584-1.jpg 1170w\" sizes=\"(max-width: 1024px) 100vw, 1024px\" \/>\t\t\t\t\t\t\t\t\t\t\t\t\t\t\t<\/div>\n\t\t\t\t<\/div>\n\t\t\t\t\t<\/div>\n\t\t\t\t<\/div>\n\t\t<div class=\"elementor-element elementor-element-7975aaac e-flex e-con-boxed e-con e-parent\" data-id=\"7975aaac\" data-element_type=\"container\" data-e-type=\"container\">\n\t\t\t\t\t<div class=\"e-con-inner\">\n\t\t<div class=\"elementor-element elementor-element-7e070c31 e-con-full e-flex e-con e-child\" data-id=\"7e070c31\" data-element_type=\"container\" data-e-type=\"container\">\n\t\t\t\t<div class=\"elementor-element elementor-element-2a7a0be8 elementor-widget elementor-widget-heading\" data-id=\"2a7a0be8\" data-element_type=\"widget\" data-e-type=\"widget\" data-widget_type=\"heading.default\">\n\t\t\t\t<div class=\"elementor-widget-container\">\n\t\t\t\t\t<h2 class=\"elementor-heading-title elementor-size-default\">Panorama vom Monte San Salvatore \u2013 bergab zu Fu\u00df<\/h2>\t\t\t\t<\/div>\n\t\t\t\t<\/div>\n\t\t\t\t<div class=\"elementor-element elementor-element-13aae1ca elementor-widget elementor-widget-text-editor\" data-id=\"13aae1ca\" data-element_type=\"widget\" data-e-type=\"widget\" data-widget_type=\"text-editor.default\">\n\t\t\t\t<div class=\"elementor-widget-container\">\n\t\t\t\t\t\t\t\t\t<p>Das 360-Grad-Panorama vom Gipfel des Monte San Salvatore ist eines der gr\u00f6\u00dften Spektakels, \u00fcber die Stadt, auf den See und in die Umgebung bewundern kann. Wir erkl\u00e4ren Ihnen im Detail alles, was Sie sehen. Um diese Erfahrung zu vervollst\u00e4ndigen, kann man den schwierigen und steilen direkten Weg bergab nach Lugano, via Melide (Sitz der Swissminiatur) oder Morcote nehmen. Morcote war das wichtigste Zentrum des Sees w\u00e4hrend des Mittelalters. Die Wahl des Weges h\u00e4ngt von den W\u00fcnschen der Gruppe und der Verf\u00fcgbarkeit von Zeit ab. Von diesen beiden Orten k\u00f6nnen Sie nach Lugano entweder mit dem Boot oder mit dem Bus zur\u00fcckfahren. Es braucht Wanderschuhe und eventuell St\u00f6cke.     <\/p>\n\t\t\t\t\t\t\t\t<\/div>\n\t\t\t\t<\/div>\n\t\t\t\t<\/div>\n\t\t<div class=\"elementor-element elementor-element-3f126303 e-con-full e-flex e-con e-child\" data-id=\"3f126303\" data-element_type=\"container\" data-e-type=\"container\">\n\t\t\t\t<div class=\"elementor-element elementor-element-4a19f700 elementor-widget elementor-widget-heading\" data-id=\"4a19f700\" data-element_type=\"widget\" data-e-type=\"widget\" data-widget_type=\"heading.default\">\n\t\t\t\t<div class=\"elementor-widget-container\">\n\t\t\t\t\t<h2 class=\"elementor-heading-title elementor-size-default\">WEITERE INFORMATIONEN:<\/h2>\t\t\t\t<\/div>\n\t\t\t\t<\/div>\n\t\t\t\t<div class=\"elementor-element elementor-element-3a22219d elementor-widget elementor-widget-text-editor\" data-id=\"3a22219d\" data-element_type=\"widget\" data-e-type=\"widget\" data-widget_type=\"text-editor.default\">\n\t\t\t\t<div class=\"elementor-widget-container\">\n\t\t\t\t\t\t\t\t\t<p>E-Mail: <a href=\"mailto:info@guidesi.ch\">info@guidesi.ch<\/a><\/p>\n\t\t\t\t\t\t\t\t<\/div>\n\t\t\t\t<\/div>\n\t\t\t\t<\/div>\n\t\t\t\t\t<\/div>\n\t\t\t\t<\/div>\n\t\t<div class=\"elementor-element elementor-element-5dfe4374 e-flex e-con-boxed e-con e-parent\" data-id=\"5dfe4374\" data-element_type=\"container\" data-e-type=\"container\">\n\t\t\t\t\t<div class=\"e-con-inner\">\n\t\t\t\t<div class=\"elementor-element elementor-element-407c3944 elementor-widget elementor-widget-heading\" data-id=\"407c3944\" data-element_type=\"widget\" data-e-type=\"widget\" data-widget_type=\"heading.default\">\n\t\t\t\t<div class=\"elementor-widget-container\">\n\t\t\t\t\t<h2 class=\"elementor-heading-title elementor-size-default\">Tours<\/h2>\t\t\t\t<\/div>\n\t\t\t\t<\/div>\n\t\t\t\t\t<\/div>\n\t\t\t\t<\/div>\n\t\t\t\t<\/div>\n\t\t","protected":false},"excerpt":{"rendered":"<p>Panorama vom Monte San Salvatore \u2013 bergab zu Fu\u00df Das 360-Grad-Panorama vom Gipfel des Monte San Salvatore ist eines der gr\u00f6\u00dften Spektakels, \u00fcber die Stadt, auf den See und in die Umgebung bewundern kann. Wir erkl\u00e4ren Ihnen im Detail alles, was Sie sehen. Um diese Erfahrung zu vervollst\u00e4ndigen, kann man den schwierigen und steilen direkten [&hellip;]<\/p>\n","protected":false},"author":1,"featured_media":833,"comment_status":"open","ping_status":"closed","sticky":false,"template":"elementor_header_footer","format":"standard","meta":{"site-sidebar-layout":"default","site-content-layout":"","ast-site-content-layout":"default","site-content-style":"default","site-sidebar-style":"default","ast-global-header-display":"","ast-banner-title-visibility":"","ast-main-header-display":"","ast-hfb-above-header-display":"","ast-hfb-below-header-display":"","ast-hfb-mobile-header-display":"","site-post-title":"","ast-breadcrumbs-content":"","ast-featured-img":"","footer-sml-layout":"","ast-disable-related-posts":"","theme-transparent-header-meta":"","adv-header-id-meta":"","stick-header-meta":"","header-above-stick-meta":"","header-main-stick-meta":"","header-below-stick-meta":"","astra-migrate-meta-layouts":"default","ast-page-background-enabled":"default","ast-page-background-meta":{"desktop":{"background-color":"var(--ast-global-color-4)","background-image":"","background-repeat":"repeat","background-position":"center center","background-size":"auto","background-attachment":"scroll","background-type":"","background-media":"","overlay-type":"","overlay-color":"","overlay-opacity":"","overlay-gradient":""},"tablet":{"background-color":"","background-image":"","background-repeat":"repeat","background-position":"center center","background-size":"auto","background-attachment":"scroll","background-type":"","background-media":"","overlay-type":"","overlay-color":"","overlay-opacity":"","overlay-gradient":""},"mobile":{"background-color":"","background-image":"","background-repeat":"repeat","background-position":"center center","background-size":"auto","background-attachment":"scroll","background-type":"","background-media":"","overlay-type":"","overlay-color":"","overlay-opacity":"","overlay-gradient":""}},"ast-content-background-meta":{"desktop":{"background-color":"var(--ast-global-color-5)","background-image":"","background-repeat":"repeat","background-position":"center center","background-size":"auto","background-attachment":"scroll","background-type":"","background-media":"","overlay-type":"","overlay-color":"","overlay-opacity":"","overlay-gradient":""},"tablet":{"background-color":"var(--ast-global-color-5)","background-image":"","background-repeat":"repeat","background-position":"center center","background-size":"auto","background-attachment":"scroll","background-type":"","background-media":"","overlay-type":"","overlay-color":"","overlay-opacity":"","overlay-gradient":""},"mobile":{"background-color":"var(--ast-global-color-5)","background-image":"","background-repeat":"repeat","background-position":"center center","background-size":"auto","background-attachment":"scroll","background-type":"","background-media":"","overlay-type":"","overlay-color":"","overlay-opacity":"","overlay-gradient":""}},"footnotes":""},"categories":[47],"tags":[42],"class_list":["post-832","post","type-post","status-publish","format-standard","has-post-thumbnail","hentry","category-lugano-und-umgebung","tag-tour-de"],"yoast_head":"<!-- This site is optimized with the Yoast SEO plugin v27.4 - https:\/\/yoast.com\/product\/yoast-seo-wordpress\/ -->\n<title>Panorama vom Monte San Salvatore \u2013 bergab zu Fu\u00df - GuideSi<\/title>\n<meta name=\"robots\" content=\"index, follow, max-snippet:-1, max-image-preview:large, max-video-preview:-1\" \/>\n<link rel=\"canonical\" href=\"https:\/\/guidesi.ch\/panorama-dal-san-salvatore-discesa-a-piedi\/\" \/>\n<meta property=\"og:locale\" content=\"de_DE\" \/>\n<meta property=\"og:type\" content=\"article\" \/>\n<meta property=\"og:title\" content=\"Panorama vom Monte San Salvatore \u2013 bergab zu Fu\u00df - GuideSi\" \/>\n<meta property=\"og:description\" content=\"Panorama vom Monte San Salvatore \u2013 bergab zu Fu\u00df Das 360-Grad-Panorama vom Gipfel des Monte San Salvatore ist eines der gr\u00f6\u00dften Spektakels, \u00fcber die Stadt, auf den See und in die Umgebung bewundern kann. Wir erkl\u00e4ren Ihnen im Detail alles, was Sie sehen. Um diese Erfahrung zu vervollst\u00e4ndigen, kann man den schwierigen und steilen direkten [&hellip;]\" \/>\n<meta property=\"og:url\" content=\"https:\/\/guidesi.ch\/panorama-dal-san-salvatore-discesa-a-piedi\/\" \/>\n<meta property=\"og:site_name\" content=\"GuideSi\" \/>\n<meta property=\"article:published_time\" content=\"2023-09-15T13:59:00+00:00\" \/>\n<meta property=\"article:modified_time\" content=\"2023-09-27T09:15:26+00:00\" \/>\n<meta property=\"og:image\" content=\"https:\/\/guidesi.ch\/2023\/wp-content\/uploads\/2023\/09\/250_guidesi_tour_san_salvatore.jpg\" \/>\n\t<meta property=\"og:image:width\" content=\"250\" \/>\n\t<meta property=\"og:image:height\" content=\"250\" \/>\n\t<meta property=\"og:image:type\" content=\"image\/jpeg\" \/>\n<meta name=\"author\" content=\"admin\" \/>\n<meta name=\"twitter:card\" content=\"summary_large_image\" \/>\n<meta name=\"twitter:label1\" content=\"Verfasst von\" \/>\n\t<meta name=\"twitter:data1\" content=\"admin\" \/>\n\t<meta name=\"twitter:label2\" content=\"Gesch\u00e4tzte Lesezeit\" \/>\n\t<meta name=\"twitter:data2\" content=\"1\u00a0Minute\" \/>\n<script type=\"application\/ld+json\" class=\"yoast-schema-graph\">{\"@context\":\"https:\\\/\\\/schema.org\",\"@graph\":[{\"@type\":\"Article\",\"@id\":\"https:\\\/\\\/guidesi.ch\\\/panorama-dal-san-salvatore-discesa-a-piedi\\\/#article\",\"isPartOf\":{\"@id\":\"https:\\\/\\\/guidesi.ch\\\/panorama-dal-san-salvatore-discesa-a-piedi\\\/\"},\"author\":{\"name\":\"admin\",\"@id\":\"https:\\\/\\\/guidesi.ch\\\/#\\\/schema\\\/person\\\/287a0cb62a6b88425e5e785bf68350de\"},\"headline\":\"Panorama vom Monte San Salvatore \u2013 bergab zu Fu\u00df\",\"datePublished\":\"2023-09-15T13:59:00+00:00\",\"dateModified\":\"2023-09-27T09:15:26+00:00\",\"mainEntityOfPage\":{\"@id\":\"https:\\\/\\\/guidesi.ch\\\/panorama-dal-san-salvatore-discesa-a-piedi\\\/\"},\"wordCount\":140,\"commentCount\":0,\"publisher\":{\"@id\":\"https:\\\/\\\/guidesi.ch\\\/#organization\"},\"image\":{\"@id\":\"https:\\\/\\\/guidesi.ch\\\/panorama-dal-san-salvatore-discesa-a-piedi\\\/#primaryimage\"},\"thumbnailUrl\":\"https:\\\/\\\/guidesi.ch\\\/2023\\\/wp-content\\\/uploads\\\/2023\\\/09\\\/250_guidesi_tour_san_salvatore.jpg\",\"keywords\":[\"TOUR\"],\"articleSection\":[\"LUGANO UND UMGEBUNG\"],\"inLanguage\":\"de\",\"potentialAction\":[{\"@type\":\"CommentAction\",\"name\":\"Comment\",\"target\":[\"https:\\\/\\\/guidesi.ch\\\/panorama-dal-san-salvatore-discesa-a-piedi\\\/#respond\"]}]},{\"@type\":\"WebPage\",\"@id\":\"https:\\\/\\\/guidesi.ch\\\/panorama-dal-san-salvatore-discesa-a-piedi\\\/\",\"url\":\"https:\\\/\\\/guidesi.ch\\\/panorama-dal-san-salvatore-discesa-a-piedi\\\/\",\"name\":\"Panorama vom Monte San Salvatore \u2013 bergab zu Fu\u00df - GuideSi\",\"isPartOf\":{\"@id\":\"https:\\\/\\\/guidesi.ch\\\/#website\"},\"primaryImageOfPage\":{\"@id\":\"https:\\\/\\\/guidesi.ch\\\/panorama-dal-san-salvatore-discesa-a-piedi\\\/#primaryimage\"},\"image\":{\"@id\":\"https:\\\/\\\/guidesi.ch\\\/panorama-dal-san-salvatore-discesa-a-piedi\\\/#primaryimage\"},\"thumbnailUrl\":\"https:\\\/\\\/guidesi.ch\\\/2023\\\/wp-content\\\/uploads\\\/2023\\\/09\\\/250_guidesi_tour_san_salvatore.jpg\",\"datePublished\":\"2023-09-15T13:59:00+00:00\",\"dateModified\":\"2023-09-27T09:15:26+00:00\",\"breadcrumb\":{\"@id\":\"https:\\\/\\\/guidesi.ch\\\/panorama-dal-san-salvatore-discesa-a-piedi\\\/#breadcrumb\"},\"inLanguage\":\"de\",\"potentialAction\":[{\"@type\":\"ReadAction\",\"target\":[\"https:\\\/\\\/guidesi.ch\\\/panorama-dal-san-salvatore-discesa-a-piedi\\\/\"]}]},{\"@type\":\"ImageObject\",\"inLanguage\":\"de\",\"@id\":\"https:\\\/\\\/guidesi.ch\\\/panorama-dal-san-salvatore-discesa-a-piedi\\\/#primaryimage\",\"url\":\"https:\\\/\\\/guidesi.ch\\\/2023\\\/wp-content\\\/uploads\\\/2023\\\/09\\\/250_guidesi_tour_san_salvatore.jpg\",\"contentUrl\":\"https:\\\/\\\/guidesi.ch\\\/2023\\\/wp-content\\\/uploads\\\/2023\\\/09\\\/250_guidesi_tour_san_salvatore.jpg\",\"width\":250,\"height\":250},{\"@type\":\"BreadcrumbList\",\"@id\":\"https:\\\/\\\/guidesi.ch\\\/panorama-dal-san-salvatore-discesa-a-piedi\\\/#breadcrumb\",\"itemListElement\":[{\"@type\":\"ListItem\",\"position\":1,\"name\":\"Home\",\"item\":\"https:\\\/\\\/guidesi.ch\\\/\"},{\"@type\":\"ListItem\",\"position\":2,\"name\":\"Panorama vom Monte San Salvatore \u2013 bergab zu Fu\u00df\"}]},{\"@type\":\"WebSite\",\"@id\":\"https:\\\/\\\/guidesi.ch\\\/#website\",\"url\":\"https:\\\/\\\/guidesi.ch\\\/\",\"name\":\"GuideSi\",\"description\":\"Guide Turistiche della Svizzera Italiana\",\"publisher\":{\"@id\":\"https:\\\/\\\/guidesi.ch\\\/#organization\"},\"potentialAction\":[{\"@type\":\"SearchAction\",\"target\":{\"@type\":\"EntryPoint\",\"urlTemplate\":\"https:\\\/\\\/guidesi.ch\\\/?s={search_term_string}\"},\"query-input\":{\"@type\":\"PropertyValueSpecification\",\"valueRequired\":true,\"valueName\":\"search_term_string\"}}],\"inLanguage\":\"de\"},{\"@type\":\"Organization\",\"@id\":\"https:\\\/\\\/guidesi.ch\\\/#organization\",\"name\":\"GuideSi\",\"url\":\"https:\\\/\\\/guidesi.ch\\\/\",\"logo\":{\"@type\":\"ImageObject\",\"inLanguage\":\"de\",\"@id\":\"https:\\\/\\\/guidesi.ch\\\/#\\\/schema\\\/logo\\\/image\\\/\",\"url\":\"https:\\\/\\\/guidesi.ch\\\/2023\\\/wp-content\\\/uploads\\\/2023\\\/09\\\/400x120_guidesi_logo.png\",\"contentUrl\":\"https:\\\/\\\/guidesi.ch\\\/2023\\\/wp-content\\\/uploads\\\/2023\\\/09\\\/400x120_guidesi_logo.png\",\"width\":400,\"height\":120,\"caption\":\"GuideSi\"},\"image\":{\"@id\":\"https:\\\/\\\/guidesi.ch\\\/#\\\/schema\\\/logo\\\/image\\\/\"}},{\"@type\":\"Person\",\"@id\":\"https:\\\/\\\/guidesi.ch\\\/#\\\/schema\\\/person\\\/287a0cb62a6b88425e5e785bf68350de\",\"name\":\"admin\",\"image\":{\"@type\":\"ImageObject\",\"inLanguage\":\"de\",\"@id\":\"https:\\\/\\\/secure.gravatar.com\\\/avatar\\\/37c506f5d8aabe4a71f944fdc6d7c9c68f1a687f9d18adee23a2a20cbdcadde0?s=96&d=mm&r=g\",\"url\":\"https:\\\/\\\/secure.gravatar.com\\\/avatar\\\/37c506f5d8aabe4a71f944fdc6d7c9c68f1a687f9d18adee23a2a20cbdcadde0?s=96&d=mm&r=g\",\"contentUrl\":\"https:\\\/\\\/secure.gravatar.com\\\/avatar\\\/37c506f5d8aabe4a71f944fdc6d7c9c68f1a687f9d18adee23a2a20cbdcadde0?s=96&d=mm&r=g\",\"caption\":\"admin\"},\"sameAs\":[\"https:\\\/\\\/guidesi.ch\\\/2023\"],\"url\":\"https:\\\/\\\/guidesi.ch\\\/de\\\/author\\\/fabio\\\/\"}]}<\/script>\n<!-- \/ Yoast SEO plugin. -->","yoast_head_json":{"title":"Panorama vom Monte San Salvatore \u2013 bergab zu Fu\u00df - GuideSi","robots":{"index":"index","follow":"follow","max-snippet":"max-snippet:-1","max-image-preview":"max-image-preview:large","max-video-preview":"max-video-preview:-1"},"canonical":"https:\/\/guidesi.ch\/panorama-dal-san-salvatore-discesa-a-piedi\/","og_locale":"de_DE","og_type":"article","og_title":"Panorama vom Monte San Salvatore \u2013 bergab zu Fu\u00df - GuideSi","og_description":"Panorama vom Monte San Salvatore \u2013 bergab zu Fu\u00df Das 360-Grad-Panorama vom Gipfel des Monte San Salvatore ist eines der gr\u00f6\u00dften Spektakels, \u00fcber die Stadt, auf den See und in die Umgebung bewundern kann. Wir erkl\u00e4ren Ihnen im Detail alles, was Sie sehen. Um diese Erfahrung zu vervollst\u00e4ndigen, kann man den schwierigen und steilen direkten [&hellip;]","og_url":"https:\/\/guidesi.ch\/panorama-dal-san-salvatore-discesa-a-piedi\/","og_site_name":"GuideSi","article_published_time":"2023-09-15T13:59:00+00:00","article_modified_time":"2023-09-27T09:15:26+00:00","og_image":[{"width":250,"height":250,"url":"https:\/\/guidesi.ch\/2023\/wp-content\/uploads\/2023\/09\/250_guidesi_tour_san_salvatore.jpg","type":"image\/jpeg"}],"author":"admin","twitter_card":"summary_large_image","twitter_misc":{"Verfasst von":"admin","Gesch\u00e4tzte Lesezeit":"1\u00a0Minute"},"schema":{"@context":"https:\/\/schema.org","@graph":[{"@type":"Article","@id":"https:\/\/guidesi.ch\/panorama-dal-san-salvatore-discesa-a-piedi\/#article","isPartOf":{"@id":"https:\/\/guidesi.ch\/panorama-dal-san-salvatore-discesa-a-piedi\/"},"author":{"name":"admin","@id":"https:\/\/guidesi.ch\/#\/schema\/person\/287a0cb62a6b88425e5e785bf68350de"},"headline":"Panorama vom Monte San Salvatore \u2013 bergab zu Fu\u00df","datePublished":"2023-09-15T13:59:00+00:00","dateModified":"2023-09-27T09:15:26+00:00","mainEntityOfPage":{"@id":"https:\/\/guidesi.ch\/panorama-dal-san-salvatore-discesa-a-piedi\/"},"wordCount":140,"commentCount":0,"publisher":{"@id":"https:\/\/guidesi.ch\/#organization"},"image":{"@id":"https:\/\/guidesi.ch\/panorama-dal-san-salvatore-discesa-a-piedi\/#primaryimage"},"thumbnailUrl":"https:\/\/guidesi.ch\/2023\/wp-content\/uploads\/2023\/09\/250_guidesi_tour_san_salvatore.jpg","keywords":["TOUR"],"articleSection":["LUGANO UND UMGEBUNG"],"inLanguage":"de","potentialAction":[{"@type":"CommentAction","name":"Comment","target":["https:\/\/guidesi.ch\/panorama-dal-san-salvatore-discesa-a-piedi\/#respond"]}]},{"@type":"WebPage","@id":"https:\/\/guidesi.ch\/panorama-dal-san-salvatore-discesa-a-piedi\/","url":"https:\/\/guidesi.ch\/panorama-dal-san-salvatore-discesa-a-piedi\/","name":"Panorama vom Monte San Salvatore \u2013 bergab zu Fu\u00df - GuideSi","isPartOf":{"@id":"https:\/\/guidesi.ch\/#website"},"primaryImageOfPage":{"@id":"https:\/\/guidesi.ch\/panorama-dal-san-salvatore-discesa-a-piedi\/#primaryimage"},"image":{"@id":"https:\/\/guidesi.ch\/panorama-dal-san-salvatore-discesa-a-piedi\/#primaryimage"},"thumbnailUrl":"https:\/\/guidesi.ch\/2023\/wp-content\/uploads\/2023\/09\/250_guidesi_tour_san_salvatore.jpg","datePublished":"2023-09-15T13:59:00+00:00","dateModified":"2023-09-27T09:15:26+00:00","breadcrumb":{"@id":"https:\/\/guidesi.ch\/panorama-dal-san-salvatore-discesa-a-piedi\/#breadcrumb"},"inLanguage":"de","potentialAction":[{"@type":"ReadAction","target":["https:\/\/guidesi.ch\/panorama-dal-san-salvatore-discesa-a-piedi\/"]}]},{"@type":"ImageObject","inLanguage":"de","@id":"https:\/\/guidesi.ch\/panorama-dal-san-salvatore-discesa-a-piedi\/#primaryimage","url":"https:\/\/guidesi.ch\/2023\/wp-content\/uploads\/2023\/09\/250_guidesi_tour_san_salvatore.jpg","contentUrl":"https:\/\/guidesi.ch\/2023\/wp-content\/uploads\/2023\/09\/250_guidesi_tour_san_salvatore.jpg","width":250,"height":250},{"@type":"BreadcrumbList","@id":"https:\/\/guidesi.ch\/panorama-dal-san-salvatore-discesa-a-piedi\/#breadcrumb","itemListElement":[{"@type":"ListItem","position":1,"name":"Home","item":"https:\/\/guidesi.ch\/"},{"@type":"ListItem","position":2,"name":"Panorama vom Monte San Salvatore \u2013 bergab zu Fu\u00df"}]},{"@type":"WebSite","@id":"https:\/\/guidesi.ch\/#website","url":"https:\/\/guidesi.ch\/","name":"GuideSi","description":"Guide Turistiche della Svizzera Italiana","publisher":{"@id":"https:\/\/guidesi.ch\/#organization"},"potentialAction":[{"@type":"SearchAction","target":{"@type":"EntryPoint","urlTemplate":"https:\/\/guidesi.ch\/?s={search_term_string}"},"query-input":{"@type":"PropertyValueSpecification","valueRequired":true,"valueName":"search_term_string"}}],"inLanguage":"de"},{"@type":"Organization","@id":"https:\/\/guidesi.ch\/#organization","name":"GuideSi","url":"https:\/\/guidesi.ch\/","logo":{"@type":"ImageObject","inLanguage":"de","@id":"https:\/\/guidesi.ch\/#\/schema\/logo\/image\/","url":"https:\/\/guidesi.ch\/2023\/wp-content\/uploads\/2023\/09\/400x120_guidesi_logo.png","contentUrl":"https:\/\/guidesi.ch\/2023\/wp-content\/uploads\/2023\/09\/400x120_guidesi_logo.png","width":400,"height":120,"caption":"GuideSi"},"image":{"@id":"https:\/\/guidesi.ch\/#\/schema\/logo\/image\/"}},{"@type":"Person","@id":"https:\/\/guidesi.ch\/#\/schema\/person\/287a0cb62a6b88425e5e785bf68350de","name":"admin","image":{"@type":"ImageObject","inLanguage":"de","@id":"https:\/\/secure.gravatar.com\/avatar\/37c506f5d8aabe4a71f944fdc6d7c9c68f1a687f9d18adee23a2a20cbdcadde0?s=96&d=mm&r=g","url":"https:\/\/secure.gravatar.com\/avatar\/37c506f5d8aabe4a71f944fdc6d7c9c68f1a687f9d18adee23a2a20cbdcadde0?s=96&d=mm&r=g","contentUrl":"https:\/\/secure.gravatar.com\/avatar\/37c506f5d8aabe4a71f944fdc6d7c9c68f1a687f9d18adee23a2a20cbdcadde0?s=96&d=mm&r=g","caption":"admin"},"sameAs":["https:\/\/guidesi.ch\/2023"],"url":"https:\/\/guidesi.ch\/de\/author\/fabio\/"}]}},"_links":{"self":[{"href":"https:\/\/guidesi.ch\/de\/wp-json\/wp\/v2\/posts\/832","targetHints":{"allow":["GET"]}}],"collection":[{"href":"https:\/\/guidesi.ch\/de\/wp-json\/wp\/v2\/posts"}],"about":[{"href":"https:\/\/guidesi.ch\/de\/wp-json\/wp\/v2\/types\/post"}],"author":[{"embeddable":true,"href":"https:\/\/guidesi.ch\/de\/wp-json\/wp\/v2\/users\/1"}],"replies":[{"embeddable":true,"href":"https:\/\/guidesi.ch\/de\/wp-json\/wp\/v2\/comments?post=832"}],"version-history":[{"count":2,"href":"https:\/\/guidesi.ch\/de\/wp-json\/wp\/v2\/posts\/832\/revisions"}],"predecessor-version":[{"id":3371,"href":"https:\/\/guidesi.ch\/de\/wp-json\/wp\/v2\/posts\/832\/revisions\/3371"}],"wp:featuredmedia":[{"embeddable":true,"href":"https:\/\/guidesi.ch\/de\/wp-json\/wp\/v2\/media\/833"}],"wp:attachment":[{"href":"https:\/\/guidesi.ch\/de\/wp-json\/wp\/v2\/media?parent=832"}],"wp:term":[{"taxonomy":"category","embeddable":true,"href":"https:\/\/guidesi.ch\/de\/wp-json\/wp\/v2\/categories?post=832"},{"taxonomy":"post_tag","embeddable":true,"href":"https:\/\/guidesi.ch\/de\/wp-json\/wp\/v2\/tags?post=832"}],"curies":[{"name":"wp","href":"https:\/\/api.w.org\/{rel}","templated":true}]}}