{"id":1116,"date":"2023-09-14T14:02:04","date_gmt":"2023-09-14T14:02:04","guid":{"rendered":"https:\/\/guidesi.ch\/2023\/unesco-las-procesiones-de-semana-santa-en-mendrisio\/"},"modified":"2023-09-27T09:32:57","modified_gmt":"2023-09-27T09:32:57","slug":"unesco-las-procesiones-de-semana-santa-en-mendrisio","status":"publish","type":"post","link":"https:\/\/guidesi.ch\/es\/unesco-las-procesiones-de-semana-santa-en-mendrisio\/","title":{"rendered":"UNESCO \u2013 Las Procesiones de Semana Santa en Mendrisio"},"content":{"rendered":"\t\t<div data-elementor-type=\"wp-post\" data-elementor-id=\"1116\" class=\"elementor elementor-1116 elementor-79\" data-elementor-post-type=\"post\">\n\t\t\t\t<div class=\"elementor-element elementor-element-26d721fd e-flex e-con-boxed e-con e-parent\" data-id=\"26d721fd\" data-element_type=\"container\" data-e-type=\"container\">\n\t\t\t\t\t<div class=\"e-con-inner\">\n\t\t\t\t<div class=\"elementor-element elementor-element-4f26b05a elementor-widget elementor-widget-image\" data-id=\"4f26b05a\" data-element_type=\"widget\" data-e-type=\"widget\" data-widget_type=\"image.default\">\n\t\t\t\t<div class=\"elementor-widget-container\">\n\t\t\t\t\t\t\t\t\t\t\t\t\t\t\t<img fetchpriority=\"high\" decoding=\"async\" width=\"1024\" height=\"512\" src=\"https:\/\/guidesi.ch\/2023\/wp-content\/uploads\/2023\/09\/1400x700_processioni-1-1170x585-1-1024x512.jpg\" class=\"attachment-large size-large wp-image-1118\" alt=\"\" srcset=\"https:\/\/guidesi.ch\/2023\/wp-content\/uploads\/2023\/09\/1400x700_processioni-1-1170x585-1-1024x512.jpg 1024w, https:\/\/guidesi.ch\/2023\/wp-content\/uploads\/2023\/09\/1400x700_processioni-1-1170x585-1-300x150.jpg 300w, https:\/\/guidesi.ch\/2023\/wp-content\/uploads\/2023\/09\/1400x700_processioni-1-1170x585-1-768x384.jpg 768w, https:\/\/guidesi.ch\/2023\/wp-content\/uploads\/2023\/09\/1400x700_processioni-1-1170x585-1.jpg 1170w\" sizes=\"(max-width: 1024px) 100vw, 1024px\" \/>\t\t\t\t\t\t\t\t\t\t\t\t\t\t\t<\/div>\n\t\t\t\t<\/div>\n\t\t\t\t\t<\/div>\n\t\t\t\t<\/div>\n\t\t<div class=\"elementor-element elementor-element-741ff3ff e-flex e-con-boxed e-con e-parent\" data-id=\"741ff3ff\" data-element_type=\"container\" data-e-type=\"container\">\n\t\t\t\t\t<div class=\"e-con-inner\">\n\t\t<div class=\"elementor-element elementor-element-5d724bad e-con-full e-flex e-con e-child\" data-id=\"5d724bad\" data-element_type=\"container\" data-e-type=\"container\">\n\t\t\t\t<div class=\"elementor-element elementor-element-6c1ac3b2 elementor-widget elementor-widget-heading\" data-id=\"6c1ac3b2\" data-element_type=\"widget\" data-e-type=\"widget\" data-widget_type=\"heading.default\">\n\t\t\t\t<div class=\"elementor-widget-container\">\n\t\t\t\t\t<h2 class=\"elementor-heading-title elementor-size-default\">UNESCO \u2013 Las Procesiones de Semana Santa en Mendrisio<\/h2>\t\t\t\t<\/div>\n\t\t\t\t<\/div>\n\t\t\t\t<div class=\"elementor-element elementor-element-38e5274d elementor-widget elementor-widget-text-editor\" data-id=\"38e5274d\" data-element_type=\"widget\" data-e-type=\"widget\" data-widget_type=\"text-editor.default\">\n\t\t\t\t<div class=\"elementor-widget-container\">\n\t\t\t\t\t\t\t\t\t<p>Las procesiones tienen lugar cada a\u00f1o los jueves y viernes santos en Mendrisio. Un acontecimiento ineludible y \u00fanico, donde la historia se convierte en un espect\u00e1culo que perpetua la tradici\u00f3n. Cuando desfilan por las calles del pueblo, se extiende la d\u00e9bil luz de los \u201ctransparentes\u201d, pinturas transl\u00facidas en lienzo montadas en bastidores, iluminadas desde su interior. Realizados con una t\u00e9cnica especial que data del siglo XVIII, los \u201ctransparentes\u201d son caracter\u00edsticos de las Procesiones y representaron un elemento fundamental de la candidatura. La Procesi\u00f3n del Jueves est\u00e1 dedicada a la representaci\u00f3n de la Pasi\u00f3n y el V\u00eda Crucis, escenificada por unos 270 personajes. La Procesi\u00f3n del viernes es m\u00e1s austera y solemne, con m\u00e1s de 700 personas.     <br \/>El expediente de solicitud de las Procesiones de la Semana Santa de Mendrisio fue presentado oficialmente en la UNESCO en Par\u00eds el 27 de marzo de 2018 con vistas al registro de la Lista Representativa del Patrimonio Cultural Inmaterial de la Humanidad. El Comit\u00e9 Intergubernamental para la Preservaci\u00f3n del Patrimonio Cultural Inmaterial, reunido en Bogot\u00e1 (Colombia) para su decimocuarta reuni\u00f3n, decidi\u00f3 el 12 de diciembre de 2019 incluir las procesiones de la Semana Santa de Mendrisio en su Lista Representante. <\/p>\n\t\t\t\t\t\t\t\t<\/div>\n\t\t\t\t<\/div>\n\t\t\t\t<\/div>\n\t\t<div class=\"elementor-element elementor-element-70ab838 e-con-full e-flex e-con e-child\" data-id=\"70ab838\" data-element_type=\"container\" data-e-type=\"container\">\n\t\t\t\t<div class=\"elementor-element elementor-element-782166ec elementor-widget elementor-widget-heading\" data-id=\"782166ec\" data-element_type=\"widget\" data-e-type=\"widget\" data-widget_type=\"heading.default\">\n\t\t\t\t<div class=\"elementor-widget-container\">\n\t\t\t\t\t<h2 class=\"elementor-heading-title elementor-size-default\">PARA MAYOR INFORMACI\u00d3N:<\/h2>\t\t\t\t<\/div>\n\t\t\t\t<\/div>\n\t\t\t\t<div class=\"elementor-element elementor-element-7ea447e4 elementor-widget elementor-widget-text-editor\" data-id=\"7ea447e4\" data-element_type=\"widget\" data-e-type=\"widget\" data-widget_type=\"text-editor.default\">\n\t\t\t\t<div class=\"elementor-widget-container\">\n\t\t\t\t\t\t\t\t\t<p>E-Mail: <a href=\"mailto:info@guidesi.ch\">info@guidesi.ch<\/a><\/p>\n\t\t\t\t\t\t\t\t<\/div>\n\t\t\t\t<\/div>\n\t\t\t\t<\/div>\n\t\t\t\t\t<\/div>\n\t\t\t\t<\/div>\n\t\t<div class=\"elementor-element elementor-element-33425744 e-flex e-con-boxed e-con e-parent\" data-id=\"33425744\" data-element_type=\"container\" data-e-type=\"container\">\n\t\t\t\t\t<div class=\"e-con-inner\">\n\t\t\t\t<div class=\"elementor-element elementor-element-1414c6b9 elementor-widget elementor-widget-heading\" data-id=\"1414c6b9\" data-element_type=\"widget\" data-e-type=\"widget\" data-widget_type=\"heading.default\">\n\t\t\t\t<div class=\"elementor-widget-container\">\n\t\t\t\t\t<h2 class=\"elementor-heading-title elementor-size-default\">Tours<\/h2>\t\t\t\t<\/div>\n\t\t\t\t<\/div>\n\t\t\t\t\t<\/div>\n\t\t\t\t<\/div>\n\t\t\t\t<\/div>\n\t\t","protected":false},"excerpt":{"rendered":"<p>UNESCO \u2013 Las Procesiones de Semana Santa en Mendrisio Las procesiones tienen lugar cada a\u00f1o los jueves y viernes santos en Mendrisio. Un acontecimiento ineludible y \u00fanico, donde la historia se convierte en un espect\u00e1culo que perpetua la tradici\u00f3n. Cuando desfilan por las calles del pueblo, se extiende la d\u00e9bil luz de los \u201ctransparentes\u201d, pinturas [&hellip;]<\/p>\n","protected":false},"author":1,"featured_media":1117,"comment_status":"open","ping_status":"closed","sticky":false,"template":"elementor_header_footer","format":"standard","meta":{"site-sidebar-layout":"default","site-content-layout":"","ast-site-content-layout":"default","site-content-style":"default","site-sidebar-style":"default","ast-global-header-display":"","ast-banner-title-visibility":"","ast-main-header-display":"","ast-hfb-above-header-display":"","ast-hfb-below-header-display":"","ast-hfb-mobile-header-display":"","site-post-title":"","ast-breadcrumbs-content":"","ast-featured-img":"","footer-sml-layout":"","ast-disable-related-posts":"","theme-transparent-header-meta":"","adv-header-id-meta":"","stick-header-meta":"","header-above-stick-meta":"","header-main-stick-meta":"","header-below-stick-meta":"","astra-migrate-meta-layouts":"default","ast-page-background-enabled":"default","ast-page-background-meta":{"desktop":{"background-color":"var(--ast-global-color-4)","background-image":"","background-repeat":"repeat","background-position":"center center","background-size":"auto","background-attachment":"scroll","background-type":"","background-media":"","overlay-type":"","overlay-color":"","overlay-opacity":"","overlay-gradient":""},"tablet":{"background-color":"","background-image":"","background-repeat":"repeat","background-position":"center center","background-size":"auto","background-attachment":"scroll","background-type":"","background-media":"","overlay-type":"","overlay-color":"","overlay-opacity":"","overlay-gradient":""},"mobile":{"background-color":"","background-image":"","background-repeat":"repeat","background-position":"center center","background-size":"auto","background-attachment":"scroll","background-type":"","background-media":"","overlay-type":"","overlay-color":"","overlay-opacity":"","overlay-gradient":""}},"ast-content-background-meta":{"desktop":{"background-color":"var(--ast-global-color-5)","background-image":"","background-repeat":"repeat","background-position":"center center","background-size":"auto","background-attachment":"scroll","background-type":"","background-media":"","overlay-type":"","overlay-color":"","overlay-opacity":"","overlay-gradient":""},"tablet":{"background-color":"var(--ast-global-color-5)","background-image":"","background-repeat":"repeat","background-position":"center center","background-size":"auto","background-attachment":"scroll","background-type":"","background-media":"","overlay-type":"","overlay-color":"","overlay-opacity":"","overlay-gradient":""},"mobile":{"background-color":"var(--ast-global-color-5)","background-image":"","background-repeat":"repeat","background-position":"center center","background-size":"auto","background-attachment":"scroll","background-type":"","background-media":"","overlay-type":"","overlay-color":"","overlay-opacity":"","overlay-gradient":""}},"footnotes":""},"categories":[64],"tags":[44],"class_list":["post-1116","post","type-post","status-publish","format-standard","has-post-thumbnail","hentry","category-sitios-unesco","tag-tour-es"],"yoast_head":"<!-- This site is optimized with the Yoast SEO plugin v27.4 - https:\/\/yoast.com\/product\/yoast-seo-wordpress\/ -->\n<title>UNESCO \u2013 Las Procesiones de Semana Santa en Mendrisio - GuideSi<\/title>\n<meta name=\"robots\" content=\"index, follow, max-snippet:-1, max-image-preview:large, max-video-preview:-1\" \/>\n<link rel=\"canonical\" href=\"https:\/\/guidesi.ch\/unesco-le-processioni-della-settimana-santa-di-mendrisio\/\" \/>\n<meta property=\"og:locale\" content=\"es_ES\" \/>\n<meta property=\"og:type\" content=\"article\" \/>\n<meta property=\"og:title\" content=\"UNESCO \u2013 Las Procesiones de Semana Santa en Mendrisio - GuideSi\" \/>\n<meta property=\"og:description\" content=\"UNESCO \u2013 Las Procesiones de Semana Santa en Mendrisio Las procesiones tienen lugar cada a\u00f1o los jueves y viernes santos en Mendrisio. Un acontecimiento ineludible y \u00fanico, donde la historia se convierte en un espect\u00e1culo que perpetua la tradici\u00f3n. Cuando desfilan por las calles del pueblo, se extiende la d\u00e9bil luz de los \u201ctransparentes\u201d, pinturas [&hellip;]\" \/>\n<meta property=\"og:url\" content=\"https:\/\/guidesi.ch\/unesco-le-processioni-della-settimana-santa-di-mendrisio\/\" \/>\n<meta property=\"og:site_name\" content=\"GuideSi\" \/>\n<meta property=\"article:published_time\" content=\"2023-09-14T14:02:04+00:00\" \/>\n<meta property=\"article:modified_time\" content=\"2023-09-27T09:32:57+00:00\" \/>\n<meta property=\"og:image\" content=\"https:\/\/guidesi.ch\/2023\/wp-content\/uploads\/2023\/09\/250x250_processioni.jpg\" \/>\n\t<meta property=\"og:image:width\" content=\"250\" \/>\n\t<meta property=\"og:image:height\" content=\"250\" \/>\n\t<meta property=\"og:image:type\" content=\"image\/jpeg\" \/>\n<meta name=\"author\" content=\"admin\" \/>\n<meta name=\"twitter:card\" content=\"summary_large_image\" \/>\n<meta name=\"twitter:label1\" content=\"Escrito por\" \/>\n\t<meta name=\"twitter:data1\" content=\"admin\" \/>\n\t<meta name=\"twitter:label2\" content=\"Tiempo de lectura\" \/>\n\t<meta name=\"twitter:data2\" content=\"1 minuto\" \/>\n<script type=\"application\/ld+json\" class=\"yoast-schema-graph\">{\"@context\":\"https:\\\/\\\/schema.org\",\"@graph\":[{\"@type\":\"Article\",\"@id\":\"https:\\\/\\\/guidesi.ch\\\/unesco-le-processioni-della-settimana-santa-di-mendrisio\\\/#article\",\"isPartOf\":{\"@id\":\"https:\\\/\\\/guidesi.ch\\\/unesco-le-processioni-della-settimana-santa-di-mendrisio\\\/\"},\"author\":{\"name\":\"admin\",\"@id\":\"https:\\\/\\\/guidesi.ch\\\/#\\\/schema\\\/person\\\/287a0cb62a6b88425e5e785bf68350de\"},\"headline\":\"UNESCO \u2013 Las Procesiones de Semana Santa en Mendrisio\",\"datePublished\":\"2023-09-14T14:02:04+00:00\",\"dateModified\":\"2023-09-27T09:32:57+00:00\",\"mainEntityOfPage\":{\"@id\":\"https:\\\/\\\/guidesi.ch\\\/unesco-le-processioni-della-settimana-santa-di-mendrisio\\\/\"},\"wordCount\":232,\"commentCount\":0,\"publisher\":{\"@id\":\"https:\\\/\\\/guidesi.ch\\\/#organization\"},\"image\":{\"@id\":\"https:\\\/\\\/guidesi.ch\\\/unesco-le-processioni-della-settimana-santa-di-mendrisio\\\/#primaryimage\"},\"thumbnailUrl\":\"https:\\\/\\\/guidesi.ch\\\/2023\\\/wp-content\\\/uploads\\\/2023\\\/09\\\/250x250_processioni.jpg\",\"keywords\":[\"TOUR\"],\"articleSection\":[\"SITIOS UNESCO\"],\"inLanguage\":\"es\",\"potentialAction\":[{\"@type\":\"CommentAction\",\"name\":\"Comment\",\"target\":[\"https:\\\/\\\/guidesi.ch\\\/unesco-le-processioni-della-settimana-santa-di-mendrisio\\\/#respond\"]}]},{\"@type\":\"WebPage\",\"@id\":\"https:\\\/\\\/guidesi.ch\\\/unesco-le-processioni-della-settimana-santa-di-mendrisio\\\/\",\"url\":\"https:\\\/\\\/guidesi.ch\\\/unesco-le-processioni-della-settimana-santa-di-mendrisio\\\/\",\"name\":\"UNESCO \u2013 Las Procesiones de Semana Santa en Mendrisio - GuideSi\",\"isPartOf\":{\"@id\":\"https:\\\/\\\/guidesi.ch\\\/#website\"},\"primaryImageOfPage\":{\"@id\":\"https:\\\/\\\/guidesi.ch\\\/unesco-le-processioni-della-settimana-santa-di-mendrisio\\\/#primaryimage\"},\"image\":{\"@id\":\"https:\\\/\\\/guidesi.ch\\\/unesco-le-processioni-della-settimana-santa-di-mendrisio\\\/#primaryimage\"},\"thumbnailUrl\":\"https:\\\/\\\/guidesi.ch\\\/2023\\\/wp-content\\\/uploads\\\/2023\\\/09\\\/250x250_processioni.jpg\",\"datePublished\":\"2023-09-14T14:02:04+00:00\",\"dateModified\":\"2023-09-27T09:32:57+00:00\",\"breadcrumb\":{\"@id\":\"https:\\\/\\\/guidesi.ch\\\/unesco-le-processioni-della-settimana-santa-di-mendrisio\\\/#breadcrumb\"},\"inLanguage\":\"es\",\"potentialAction\":[{\"@type\":\"ReadAction\",\"target\":[\"https:\\\/\\\/guidesi.ch\\\/unesco-le-processioni-della-settimana-santa-di-mendrisio\\\/\"]}]},{\"@type\":\"ImageObject\",\"inLanguage\":\"es\",\"@id\":\"https:\\\/\\\/guidesi.ch\\\/unesco-le-processioni-della-settimana-santa-di-mendrisio\\\/#primaryimage\",\"url\":\"https:\\\/\\\/guidesi.ch\\\/2023\\\/wp-content\\\/uploads\\\/2023\\\/09\\\/250x250_processioni.jpg\",\"contentUrl\":\"https:\\\/\\\/guidesi.ch\\\/2023\\\/wp-content\\\/uploads\\\/2023\\\/09\\\/250x250_processioni.jpg\",\"width\":250,\"height\":250},{\"@type\":\"BreadcrumbList\",\"@id\":\"https:\\\/\\\/guidesi.ch\\\/unesco-le-processioni-della-settimana-santa-di-mendrisio\\\/#breadcrumb\",\"itemListElement\":[{\"@type\":\"ListItem\",\"position\":1,\"name\":\"Home\",\"item\":\"https:\\\/\\\/guidesi.ch\\\/\"},{\"@type\":\"ListItem\",\"position\":2,\"name\":\"UNESCO \u2013 Las Procesiones de Semana Santa en Mendrisio\"}]},{\"@type\":\"WebSite\",\"@id\":\"https:\\\/\\\/guidesi.ch\\\/#website\",\"url\":\"https:\\\/\\\/guidesi.ch\\\/\",\"name\":\"GuideSi\",\"description\":\"Guide Turistiche della Svizzera Italiana\",\"publisher\":{\"@id\":\"https:\\\/\\\/guidesi.ch\\\/#organization\"},\"potentialAction\":[{\"@type\":\"SearchAction\",\"target\":{\"@type\":\"EntryPoint\",\"urlTemplate\":\"https:\\\/\\\/guidesi.ch\\\/?s={search_term_string}\"},\"query-input\":{\"@type\":\"PropertyValueSpecification\",\"valueRequired\":true,\"valueName\":\"search_term_string\"}}],\"inLanguage\":\"es\"},{\"@type\":\"Organization\",\"@id\":\"https:\\\/\\\/guidesi.ch\\\/#organization\",\"name\":\"GuideSi\",\"url\":\"https:\\\/\\\/guidesi.ch\\\/\",\"logo\":{\"@type\":\"ImageObject\",\"inLanguage\":\"es\",\"@id\":\"https:\\\/\\\/guidesi.ch\\\/#\\\/schema\\\/logo\\\/image\\\/\",\"url\":\"https:\\\/\\\/guidesi.ch\\\/2023\\\/wp-content\\\/uploads\\\/2023\\\/09\\\/400x120_guidesi_logo.png\",\"contentUrl\":\"https:\\\/\\\/guidesi.ch\\\/2023\\\/wp-content\\\/uploads\\\/2023\\\/09\\\/400x120_guidesi_logo.png\",\"width\":400,\"height\":120,\"caption\":\"GuideSi\"},\"image\":{\"@id\":\"https:\\\/\\\/guidesi.ch\\\/#\\\/schema\\\/logo\\\/image\\\/\"}},{\"@type\":\"Person\",\"@id\":\"https:\\\/\\\/guidesi.ch\\\/#\\\/schema\\\/person\\\/287a0cb62a6b88425e5e785bf68350de\",\"name\":\"admin\",\"image\":{\"@type\":\"ImageObject\",\"inLanguage\":\"es\",\"@id\":\"https:\\\/\\\/secure.gravatar.com\\\/avatar\\\/37c506f5d8aabe4a71f944fdc6d7c9c68f1a687f9d18adee23a2a20cbdcadde0?s=96&d=mm&r=g\",\"url\":\"https:\\\/\\\/secure.gravatar.com\\\/avatar\\\/37c506f5d8aabe4a71f944fdc6d7c9c68f1a687f9d18adee23a2a20cbdcadde0?s=96&d=mm&r=g\",\"contentUrl\":\"https:\\\/\\\/secure.gravatar.com\\\/avatar\\\/37c506f5d8aabe4a71f944fdc6d7c9c68f1a687f9d18adee23a2a20cbdcadde0?s=96&d=mm&r=g\",\"caption\":\"admin\"},\"sameAs\":[\"https:\\\/\\\/guidesi.ch\\\/2023\"],\"url\":\"https:\\\/\\\/guidesi.ch\\\/es\\\/author\\\/fabio\\\/\"}]}<\/script>\n<!-- \/ Yoast SEO plugin. -->","yoast_head_json":{"title":"UNESCO \u2013 Las Procesiones de Semana Santa en Mendrisio - GuideSi","robots":{"index":"index","follow":"follow","max-snippet":"max-snippet:-1","max-image-preview":"max-image-preview:large","max-video-preview":"max-video-preview:-1"},"canonical":"https:\/\/guidesi.ch\/unesco-le-processioni-della-settimana-santa-di-mendrisio\/","og_locale":"es_ES","og_type":"article","og_title":"UNESCO \u2013 Las Procesiones de Semana Santa en Mendrisio - GuideSi","og_description":"UNESCO \u2013 Las Procesiones de Semana Santa en Mendrisio Las procesiones tienen lugar cada a\u00f1o los jueves y viernes santos en Mendrisio. Un acontecimiento ineludible y \u00fanico, donde la historia se convierte en un espect\u00e1culo que perpetua la tradici\u00f3n. Cuando desfilan por las calles del pueblo, se extiende la d\u00e9bil luz de los \u201ctransparentes\u201d, pinturas [&hellip;]","og_url":"https:\/\/guidesi.ch\/unesco-le-processioni-della-settimana-santa-di-mendrisio\/","og_site_name":"GuideSi","article_published_time":"2023-09-14T14:02:04+00:00","article_modified_time":"2023-09-27T09:32:57+00:00","og_image":[{"width":250,"height":250,"url":"https:\/\/guidesi.ch\/2023\/wp-content\/uploads\/2023\/09\/250x250_processioni.jpg","type":"image\/jpeg"}],"author":"admin","twitter_card":"summary_large_image","twitter_misc":{"Escrito por":"admin","Tiempo de lectura":"1 minuto"},"schema":{"@context":"https:\/\/schema.org","@graph":[{"@type":"Article","@id":"https:\/\/guidesi.ch\/unesco-le-processioni-della-settimana-santa-di-mendrisio\/#article","isPartOf":{"@id":"https:\/\/guidesi.ch\/unesco-le-processioni-della-settimana-santa-di-mendrisio\/"},"author":{"name":"admin","@id":"https:\/\/guidesi.ch\/#\/schema\/person\/287a0cb62a6b88425e5e785bf68350de"},"headline":"UNESCO \u2013 Las Procesiones de Semana Santa en Mendrisio","datePublished":"2023-09-14T14:02:04+00:00","dateModified":"2023-09-27T09:32:57+00:00","mainEntityOfPage":{"@id":"https:\/\/guidesi.ch\/unesco-le-processioni-della-settimana-santa-di-mendrisio\/"},"wordCount":232,"commentCount":0,"publisher":{"@id":"https:\/\/guidesi.ch\/#organization"},"image":{"@id":"https:\/\/guidesi.ch\/unesco-le-processioni-della-settimana-santa-di-mendrisio\/#primaryimage"},"thumbnailUrl":"https:\/\/guidesi.ch\/2023\/wp-content\/uploads\/2023\/09\/250x250_processioni.jpg","keywords":["TOUR"],"articleSection":["SITIOS UNESCO"],"inLanguage":"es","potentialAction":[{"@type":"CommentAction","name":"Comment","target":["https:\/\/guidesi.ch\/unesco-le-processioni-della-settimana-santa-di-mendrisio\/#respond"]}]},{"@type":"WebPage","@id":"https:\/\/guidesi.ch\/unesco-le-processioni-della-settimana-santa-di-mendrisio\/","url":"https:\/\/guidesi.ch\/unesco-le-processioni-della-settimana-santa-di-mendrisio\/","name":"UNESCO \u2013 Las Procesiones de Semana Santa en Mendrisio - GuideSi","isPartOf":{"@id":"https:\/\/guidesi.ch\/#website"},"primaryImageOfPage":{"@id":"https:\/\/guidesi.ch\/unesco-le-processioni-della-settimana-santa-di-mendrisio\/#primaryimage"},"image":{"@id":"https:\/\/guidesi.ch\/unesco-le-processioni-della-settimana-santa-di-mendrisio\/#primaryimage"},"thumbnailUrl":"https:\/\/guidesi.ch\/2023\/wp-content\/uploads\/2023\/09\/250x250_processioni.jpg","datePublished":"2023-09-14T14:02:04+00:00","dateModified":"2023-09-27T09:32:57+00:00","breadcrumb":{"@id":"https:\/\/guidesi.ch\/unesco-le-processioni-della-settimana-santa-di-mendrisio\/#breadcrumb"},"inLanguage":"es","potentialAction":[{"@type":"ReadAction","target":["https:\/\/guidesi.ch\/unesco-le-processioni-della-settimana-santa-di-mendrisio\/"]}]},{"@type":"ImageObject","inLanguage":"es","@id":"https:\/\/guidesi.ch\/unesco-le-processioni-della-settimana-santa-di-mendrisio\/#primaryimage","url":"https:\/\/guidesi.ch\/2023\/wp-content\/uploads\/2023\/09\/250x250_processioni.jpg","contentUrl":"https:\/\/guidesi.ch\/2023\/wp-content\/uploads\/2023\/09\/250x250_processioni.jpg","width":250,"height":250},{"@type":"BreadcrumbList","@id":"https:\/\/guidesi.ch\/unesco-le-processioni-della-settimana-santa-di-mendrisio\/#breadcrumb","itemListElement":[{"@type":"ListItem","position":1,"name":"Home","item":"https:\/\/guidesi.ch\/"},{"@type":"ListItem","position":2,"name":"UNESCO \u2013 Las Procesiones de Semana Santa en Mendrisio"}]},{"@type":"WebSite","@id":"https:\/\/guidesi.ch\/#website","url":"https:\/\/guidesi.ch\/","name":"GuideSi","description":"Guide Turistiche della Svizzera Italiana","publisher":{"@id":"https:\/\/guidesi.ch\/#organization"},"potentialAction":[{"@type":"SearchAction","target":{"@type":"EntryPoint","urlTemplate":"https:\/\/guidesi.ch\/?s={search_term_string}"},"query-input":{"@type":"PropertyValueSpecification","valueRequired":true,"valueName":"search_term_string"}}],"inLanguage":"es"},{"@type":"Organization","@id":"https:\/\/guidesi.ch\/#organization","name":"GuideSi","url":"https:\/\/guidesi.ch\/","logo":{"@type":"ImageObject","inLanguage":"es","@id":"https:\/\/guidesi.ch\/#\/schema\/logo\/image\/","url":"https:\/\/guidesi.ch\/2023\/wp-content\/uploads\/2023\/09\/400x120_guidesi_logo.png","contentUrl":"https:\/\/guidesi.ch\/2023\/wp-content\/uploads\/2023\/09\/400x120_guidesi_logo.png","width":400,"height":120,"caption":"GuideSi"},"image":{"@id":"https:\/\/guidesi.ch\/#\/schema\/logo\/image\/"}},{"@type":"Person","@id":"https:\/\/guidesi.ch\/#\/schema\/person\/287a0cb62a6b88425e5e785bf68350de","name":"admin","image":{"@type":"ImageObject","inLanguage":"es","@id":"https:\/\/secure.gravatar.com\/avatar\/37c506f5d8aabe4a71f944fdc6d7c9c68f1a687f9d18adee23a2a20cbdcadde0?s=96&d=mm&r=g","url":"https:\/\/secure.gravatar.com\/avatar\/37c506f5d8aabe4a71f944fdc6d7c9c68f1a687f9d18adee23a2a20cbdcadde0?s=96&d=mm&r=g","contentUrl":"https:\/\/secure.gravatar.com\/avatar\/37c506f5d8aabe4a71f944fdc6d7c9c68f1a687f9d18adee23a2a20cbdcadde0?s=96&d=mm&r=g","caption":"admin"},"sameAs":["https:\/\/guidesi.ch\/2023"],"url":"https:\/\/guidesi.ch\/es\/author\/fabio\/"}]}},"_links":{"self":[{"href":"https:\/\/guidesi.ch\/es\/wp-json\/wp\/v2\/posts\/1116","targetHints":{"allow":["GET"]}}],"collection":[{"href":"https:\/\/guidesi.ch\/es\/wp-json\/wp\/v2\/posts"}],"about":[{"href":"https:\/\/guidesi.ch\/es\/wp-json\/wp\/v2\/types\/post"}],"author":[{"embeddable":true,"href":"https:\/\/guidesi.ch\/es\/wp-json\/wp\/v2\/users\/1"}],"replies":[{"embeddable":true,"href":"https:\/\/guidesi.ch\/es\/wp-json\/wp\/v2\/comments?post=1116"}],"version-history":[{"count":2,"href":"https:\/\/guidesi.ch\/es\/wp-json\/wp\/v2\/posts\/1116\/revisions"}],"predecessor-version":[{"id":3444,"href":"https:\/\/guidesi.ch\/es\/wp-json\/wp\/v2\/posts\/1116\/revisions\/3444"}],"wp:featuredmedia":[{"embeddable":true,"href":"https:\/\/guidesi.ch\/es\/wp-json\/wp\/v2\/media\/1117"}],"wp:attachment":[{"href":"https:\/\/guidesi.ch\/es\/wp-json\/wp\/v2\/media?parent=1116"}],"wp:term":[{"taxonomy":"category","embeddable":true,"href":"https:\/\/guidesi.ch\/es\/wp-json\/wp\/v2\/categories?post=1116"},{"taxonomy":"post_tag","embeddable":true,"href":"https:\/\/guidesi.ch\/es\/wp-json\/wp\/v2\/tags?post=1116"}],"curies":[{"name":"wp","href":"https:\/\/api.w.org\/{rel}","templated":true}]}}