{"id":836,"date":"2023-09-15T13:59:00","date_gmt":"2023-09-15T13:59:00","guid":{"rendered":"https:\/\/guidesi.ch\/2023\/panorama-desde-el-san-salvatore-con-bajada-a-pie\/"},"modified":"2023-09-27T09:15:26","modified_gmt":"2023-09-27T09:15:26","slug":"panorama-desde-el-san-salvatore-con-bajada-a-pie","status":"publish","type":"post","link":"https:\/\/guidesi.ch\/es\/panorama-desde-el-san-salvatore-con-bajada-a-pie\/","title":{"rendered":"Panorama desde el San Salvatore con bajada a pie"},"content":{"rendered":"\t\t<div data-elementor-type=\"wp-post\" data-elementor-id=\"836\" class=\"elementor elementor-836 elementor-360\" data-elementor-post-type=\"post\">\n\t\t\t\t<div class=\"elementor-element elementor-element-7171ed3c e-flex e-con-boxed e-con e-parent\" data-id=\"7171ed3c\" data-element_type=\"container\" data-e-type=\"container\">\n\t\t\t\t\t<div class=\"e-con-inner\">\n\t\t\t\t<div class=\"elementor-element elementor-element-4d16316b elementor-widget elementor-widget-image\" data-id=\"4d16316b\" data-element_type=\"widget\" data-e-type=\"widget\" data-widget_type=\"image.default\">\n\t\t\t\t<div class=\"elementor-widget-container\">\n\t\t\t\t\t\t\t\t\t\t\t\t\t\t\t<img fetchpriority=\"high\" decoding=\"async\" width=\"1024\" height=\"511\" src=\"https:\/\/guidesi.ch\/2023\/wp-content\/uploads\/2023\/09\/tour_san_salvatore-1170x584-1-1024x511.jpg\" class=\"attachment-large size-large wp-image-838\" alt=\"\" srcset=\"https:\/\/guidesi.ch\/2023\/wp-content\/uploads\/2023\/09\/tour_san_salvatore-1170x584-1-1024x511.jpg 1024w, https:\/\/guidesi.ch\/2023\/wp-content\/uploads\/2023\/09\/tour_san_salvatore-1170x584-1-300x150.jpg 300w, https:\/\/guidesi.ch\/2023\/wp-content\/uploads\/2023\/09\/tour_san_salvatore-1170x584-1-768x383.jpg 768w, https:\/\/guidesi.ch\/2023\/wp-content\/uploads\/2023\/09\/tour_san_salvatore-1170x584-1.jpg 1170w\" sizes=\"(max-width: 1024px) 100vw, 1024px\" \/>\t\t\t\t\t\t\t\t\t\t\t\t\t\t\t<\/div>\n\t\t\t\t<\/div>\n\t\t\t\t\t<\/div>\n\t\t\t\t<\/div>\n\t\t<div class=\"elementor-element elementor-element-7975aaac e-flex e-con-boxed e-con e-parent\" data-id=\"7975aaac\" data-element_type=\"container\" data-e-type=\"container\">\n\t\t\t\t\t<div class=\"e-con-inner\">\n\t\t<div class=\"elementor-element elementor-element-7e070c31 e-con-full e-flex e-con e-child\" data-id=\"7e070c31\" data-element_type=\"container\" data-e-type=\"container\">\n\t\t\t\t<div class=\"elementor-element elementor-element-2a7a0be8 elementor-widget elementor-widget-heading\" data-id=\"2a7a0be8\" data-element_type=\"widget\" data-e-type=\"widget\" data-widget_type=\"heading.default\">\n\t\t\t\t<div class=\"elementor-widget-container\">\n\t\t\t\t\t<h2 class=\"elementor-heading-title elementor-size-default\">Panorama desde el San Salvatore con bajada a pie<\/h2>\t\t\t\t<\/div>\n\t\t\t\t<\/div>\n\t\t\t\t<div class=\"elementor-element elementor-element-13aae1ca elementor-widget elementor-widget-text-editor\" data-id=\"13aae1ca\" data-element_type=\"widget\" data-e-type=\"widget\" data-widget_type=\"text-editor.default\">\n\t\t\t\t<div class=\"elementor-widget-container\">\n\t\t\t\t\t\t\t\t\t<p>El panorama de 360\u00b0 desde la cumbre del Monte San Salvatore es uno de los grandes espect\u00e1culos que se puede disfrutar en Lugano y el cual vamos a explicar en detalle. Para completar esta experiencia se puede bajar a pie, no directamente a Lugano, debido a las dificultades del terreno, sino a trav\u00e9s de Melide, sede de la Swissminiatur, o del bell\u00edsimo pueblo de Morcote, el m\u00e1s importante centro sobre el lago durante la Edad Media. La escogencia depende de los deseos del grupo y de la disponibilidad de tiempo. A partir de estos dos lugares es posible regresar a Lugano ya sea por barco o por autob\u00fas. Son necesarias botas de senderismo.     <\/p>\n\t\t\t\t\t\t\t\t<\/div>\n\t\t\t\t<\/div>\n\t\t\t\t<\/div>\n\t\t<div class=\"elementor-element elementor-element-3f126303 e-con-full e-flex e-con e-child\" data-id=\"3f126303\" data-element_type=\"container\" data-e-type=\"container\">\n\t\t\t\t<div class=\"elementor-element elementor-element-4a19f700 elementor-widget elementor-widget-heading\" data-id=\"4a19f700\" data-element_type=\"widget\" data-e-type=\"widget\" data-widget_type=\"heading.default\">\n\t\t\t\t<div class=\"elementor-widget-container\">\n\t\t\t\t\t<h2 class=\"elementor-heading-title elementor-size-default\">PARA MAYOR INFORMACI\u00d3N:<\/h2>\t\t\t\t<\/div>\n\t\t\t\t<\/div>\n\t\t\t\t<div class=\"elementor-element elementor-element-3a22219d elementor-widget elementor-widget-text-editor\" data-id=\"3a22219d\" data-element_type=\"widget\" data-e-type=\"widget\" data-widget_type=\"text-editor.default\">\n\t\t\t\t<div class=\"elementor-widget-container\">\n\t\t\t\t\t\t\t\t\t<p>E-Mail: <a href=\"mailto:info@guidesi.ch\">info@guidesi.ch<\/a><\/p>\n\t\t\t\t\t\t\t\t<\/div>\n\t\t\t\t<\/div>\n\t\t\t\t<\/div>\n\t\t\t\t\t<\/div>\n\t\t\t\t<\/div>\n\t\t<div class=\"elementor-element elementor-element-5dfe4374 e-flex e-con-boxed e-con e-parent\" data-id=\"5dfe4374\" data-element_type=\"container\" data-e-type=\"container\">\n\t\t\t\t\t<div class=\"e-con-inner\">\n\t\t\t\t<div class=\"elementor-element elementor-element-407c3944 elementor-widget elementor-widget-heading\" data-id=\"407c3944\" data-element_type=\"widget\" data-e-type=\"widget\" data-widget_type=\"heading.default\">\n\t\t\t\t<div class=\"elementor-widget-container\">\n\t\t\t\t\t<h2 class=\"elementor-heading-title elementor-size-default\">Tours<\/h2>\t\t\t\t<\/div>\n\t\t\t\t<\/div>\n\t\t\t\t\t<\/div>\n\t\t\t\t<\/div>\n\t\t\t\t<\/div>\n\t\t","protected":false},"excerpt":{"rendered":"<p>Panorama desde el San Salvatore con bajada a pie El panorama de 360\u00b0 desde la cumbre del Monte San Salvatore es uno de los grandes espect\u00e1culos que se puede disfrutar en Lugano y el cual vamos a explicar en detalle. Para completar esta experiencia se puede bajar a pie, no directamente a Lugano, debido a [&hellip;]<\/p>\n","protected":false},"author":1,"featured_media":837,"comment_status":"open","ping_status":"closed","sticky":false,"template":"elementor_header_footer","format":"standard","meta":{"site-sidebar-layout":"default","site-content-layout":"","ast-site-content-layout":"default","site-content-style":"default","site-sidebar-style":"default","ast-global-header-display":"","ast-banner-title-visibility":"","ast-main-header-display":"","ast-hfb-above-header-display":"","ast-hfb-below-header-display":"","ast-hfb-mobile-header-display":"","site-post-title":"","ast-breadcrumbs-content":"","ast-featured-img":"","footer-sml-layout":"","ast-disable-related-posts":"","theme-transparent-header-meta":"","adv-header-id-meta":"","stick-header-meta":"","header-above-stick-meta":"","header-main-stick-meta":"","header-below-stick-meta":"","astra-migrate-meta-layouts":"default","ast-page-background-enabled":"default","ast-page-background-meta":{"desktop":{"background-color":"var(--ast-global-color-4)","background-image":"","background-repeat":"repeat","background-position":"center center","background-size":"auto","background-attachment":"scroll","background-type":"","background-media":"","overlay-type":"","overlay-color":"","overlay-opacity":"","overlay-gradient":""},"tablet":{"background-color":"","background-image":"","background-repeat":"repeat","background-position":"center center","background-size":"auto","background-attachment":"scroll","background-type":"","background-media":"","overlay-type":"","overlay-color":"","overlay-opacity":"","overlay-gradient":""},"mobile":{"background-color":"","background-image":"","background-repeat":"repeat","background-position":"center center","background-size":"auto","background-attachment":"scroll","background-type":"","background-media":"","overlay-type":"","overlay-color":"","overlay-opacity":"","overlay-gradient":""}},"ast-content-background-meta":{"desktop":{"background-color":"var(--ast-global-color-5)","background-image":"","background-repeat":"repeat","background-position":"center center","background-size":"auto","background-attachment":"scroll","background-type":"","background-media":"","overlay-type":"","overlay-color":"","overlay-opacity":"","overlay-gradient":""},"tablet":{"background-color":"var(--ast-global-color-5)","background-image":"","background-repeat":"repeat","background-position":"center center","background-size":"auto","background-attachment":"scroll","background-type":"","background-media":"","overlay-type":"","overlay-color":"","overlay-opacity":"","overlay-gradient":""},"mobile":{"background-color":"var(--ast-global-color-5)","background-image":"","background-repeat":"repeat","background-position":"center center","background-size":"auto","background-attachment":"scroll","background-type":"","background-media":"","overlay-type":"","overlay-color":"","overlay-opacity":"","overlay-gradient":""}},"footnotes":""},"categories":[48],"tags":[44],"class_list":["post-836","post","type-post","status-publish","format-standard","has-post-thumbnail","hentry","category-lugano-y-alrededores","tag-tour-es"],"yoast_head":"<!-- This site is optimized with the Yoast SEO plugin v27.4 - https:\/\/yoast.com\/product\/yoast-seo-wordpress\/ -->\n<title>Panorama desde el San Salvatore con bajada a pie - GuideSi<\/title>\n<meta name=\"robots\" content=\"index, follow, max-snippet:-1, max-image-preview:large, max-video-preview:-1\" \/>\n<link rel=\"canonical\" href=\"https:\/\/guidesi.ch\/panorama-dal-san-salvatore-discesa-a-piedi\/\" \/>\n<meta property=\"og:locale\" content=\"es_ES\" \/>\n<meta property=\"og:type\" content=\"article\" \/>\n<meta property=\"og:title\" content=\"Panorama desde el San Salvatore con bajada a pie - GuideSi\" \/>\n<meta property=\"og:description\" content=\"Panorama desde el San Salvatore con bajada a pie El panorama de 360\u00b0 desde la cumbre del Monte San Salvatore es uno de los grandes espect\u00e1culos que se puede disfrutar en Lugano y el cual vamos a explicar en detalle. Para completar esta experiencia se puede bajar a pie, no directamente a Lugano, debido a [&hellip;]\" \/>\n<meta property=\"og:url\" content=\"https:\/\/guidesi.ch\/panorama-dal-san-salvatore-discesa-a-piedi\/\" \/>\n<meta property=\"og:site_name\" content=\"GuideSi\" \/>\n<meta property=\"article:published_time\" content=\"2023-09-15T13:59:00+00:00\" \/>\n<meta property=\"article:modified_time\" content=\"2023-09-27T09:15:26+00:00\" \/>\n<meta property=\"og:image\" content=\"https:\/\/guidesi.ch\/2023\/wp-content\/uploads\/2023\/09\/250_guidesi_tour_san_salvatore.jpg\" \/>\n\t<meta property=\"og:image:width\" content=\"250\" \/>\n\t<meta property=\"og:image:height\" content=\"250\" \/>\n\t<meta property=\"og:image:type\" content=\"image\/jpeg\" \/>\n<meta name=\"author\" content=\"admin\" \/>\n<meta name=\"twitter:card\" content=\"summary_large_image\" \/>\n<meta name=\"twitter:label1\" content=\"Escrito por\" \/>\n\t<meta name=\"twitter:data1\" content=\"admin\" \/>\n\t<meta name=\"twitter:label2\" content=\"Tiempo de lectura\" \/>\n\t<meta name=\"twitter:data2\" content=\"1 minuto\" \/>\n<script type=\"application\/ld+json\" class=\"yoast-schema-graph\">{\"@context\":\"https:\\\/\\\/schema.org\",\"@graph\":[{\"@type\":\"Article\",\"@id\":\"https:\\\/\\\/guidesi.ch\\\/panorama-dal-san-salvatore-discesa-a-piedi\\\/#article\",\"isPartOf\":{\"@id\":\"https:\\\/\\\/guidesi.ch\\\/panorama-dal-san-salvatore-discesa-a-piedi\\\/\"},\"author\":{\"name\":\"admin\",\"@id\":\"https:\\\/\\\/guidesi.ch\\\/#\\\/schema\\\/person\\\/287a0cb62a6b88425e5e785bf68350de\"},\"headline\":\"Panorama desde el San Salvatore con bajada a pie\",\"datePublished\":\"2023-09-15T13:59:00+00:00\",\"dateModified\":\"2023-09-27T09:15:26+00:00\",\"mainEntityOfPage\":{\"@id\":\"https:\\\/\\\/guidesi.ch\\\/panorama-dal-san-salvatore-discesa-a-piedi\\\/\"},\"wordCount\":144,\"commentCount\":0,\"publisher\":{\"@id\":\"https:\\\/\\\/guidesi.ch\\\/#organization\"},\"image\":{\"@id\":\"https:\\\/\\\/guidesi.ch\\\/panorama-dal-san-salvatore-discesa-a-piedi\\\/#primaryimage\"},\"thumbnailUrl\":\"https:\\\/\\\/guidesi.ch\\\/2023\\\/wp-content\\\/uploads\\\/2023\\\/09\\\/250_guidesi_tour_san_salvatore.jpg\",\"keywords\":[\"TOUR\"],\"articleSection\":[\"LUGANO Y ALREDEDORES\"],\"inLanguage\":\"es\",\"potentialAction\":[{\"@type\":\"CommentAction\",\"name\":\"Comment\",\"target\":[\"https:\\\/\\\/guidesi.ch\\\/panorama-dal-san-salvatore-discesa-a-piedi\\\/#respond\"]}]},{\"@type\":\"WebPage\",\"@id\":\"https:\\\/\\\/guidesi.ch\\\/panorama-dal-san-salvatore-discesa-a-piedi\\\/\",\"url\":\"https:\\\/\\\/guidesi.ch\\\/panorama-dal-san-salvatore-discesa-a-piedi\\\/\",\"name\":\"Panorama desde el San Salvatore con bajada a pie - GuideSi\",\"isPartOf\":{\"@id\":\"https:\\\/\\\/guidesi.ch\\\/#website\"},\"primaryImageOfPage\":{\"@id\":\"https:\\\/\\\/guidesi.ch\\\/panorama-dal-san-salvatore-discesa-a-piedi\\\/#primaryimage\"},\"image\":{\"@id\":\"https:\\\/\\\/guidesi.ch\\\/panorama-dal-san-salvatore-discesa-a-piedi\\\/#primaryimage\"},\"thumbnailUrl\":\"https:\\\/\\\/guidesi.ch\\\/2023\\\/wp-content\\\/uploads\\\/2023\\\/09\\\/250_guidesi_tour_san_salvatore.jpg\",\"datePublished\":\"2023-09-15T13:59:00+00:00\",\"dateModified\":\"2023-09-27T09:15:26+00:00\",\"breadcrumb\":{\"@id\":\"https:\\\/\\\/guidesi.ch\\\/panorama-dal-san-salvatore-discesa-a-piedi\\\/#breadcrumb\"},\"inLanguage\":\"es\",\"potentialAction\":[{\"@type\":\"ReadAction\",\"target\":[\"https:\\\/\\\/guidesi.ch\\\/panorama-dal-san-salvatore-discesa-a-piedi\\\/\"]}]},{\"@type\":\"ImageObject\",\"inLanguage\":\"es\",\"@id\":\"https:\\\/\\\/guidesi.ch\\\/panorama-dal-san-salvatore-discesa-a-piedi\\\/#primaryimage\",\"url\":\"https:\\\/\\\/guidesi.ch\\\/2023\\\/wp-content\\\/uploads\\\/2023\\\/09\\\/250_guidesi_tour_san_salvatore.jpg\",\"contentUrl\":\"https:\\\/\\\/guidesi.ch\\\/2023\\\/wp-content\\\/uploads\\\/2023\\\/09\\\/250_guidesi_tour_san_salvatore.jpg\",\"width\":250,\"height\":250},{\"@type\":\"BreadcrumbList\",\"@id\":\"https:\\\/\\\/guidesi.ch\\\/panorama-dal-san-salvatore-discesa-a-piedi\\\/#breadcrumb\",\"itemListElement\":[{\"@type\":\"ListItem\",\"position\":1,\"name\":\"Home\",\"item\":\"https:\\\/\\\/guidesi.ch\\\/\"},{\"@type\":\"ListItem\",\"position\":2,\"name\":\"Panorama desde el San Salvatore con bajada a pie\"}]},{\"@type\":\"WebSite\",\"@id\":\"https:\\\/\\\/guidesi.ch\\\/#website\",\"url\":\"https:\\\/\\\/guidesi.ch\\\/\",\"name\":\"GuideSi\",\"description\":\"Guide Turistiche della Svizzera Italiana\",\"publisher\":{\"@id\":\"https:\\\/\\\/guidesi.ch\\\/#organization\"},\"potentialAction\":[{\"@type\":\"SearchAction\",\"target\":{\"@type\":\"EntryPoint\",\"urlTemplate\":\"https:\\\/\\\/guidesi.ch\\\/?s={search_term_string}\"},\"query-input\":{\"@type\":\"PropertyValueSpecification\",\"valueRequired\":true,\"valueName\":\"search_term_string\"}}],\"inLanguage\":\"es\"},{\"@type\":\"Organization\",\"@id\":\"https:\\\/\\\/guidesi.ch\\\/#organization\",\"name\":\"GuideSi\",\"url\":\"https:\\\/\\\/guidesi.ch\\\/\",\"logo\":{\"@type\":\"ImageObject\",\"inLanguage\":\"es\",\"@id\":\"https:\\\/\\\/guidesi.ch\\\/#\\\/schema\\\/logo\\\/image\\\/\",\"url\":\"https:\\\/\\\/guidesi.ch\\\/2023\\\/wp-content\\\/uploads\\\/2023\\\/09\\\/400x120_guidesi_logo.png\",\"contentUrl\":\"https:\\\/\\\/guidesi.ch\\\/2023\\\/wp-content\\\/uploads\\\/2023\\\/09\\\/400x120_guidesi_logo.png\",\"width\":400,\"height\":120,\"caption\":\"GuideSi\"},\"image\":{\"@id\":\"https:\\\/\\\/guidesi.ch\\\/#\\\/schema\\\/logo\\\/image\\\/\"}},{\"@type\":\"Person\",\"@id\":\"https:\\\/\\\/guidesi.ch\\\/#\\\/schema\\\/person\\\/287a0cb62a6b88425e5e785bf68350de\",\"name\":\"admin\",\"image\":{\"@type\":\"ImageObject\",\"inLanguage\":\"es\",\"@id\":\"https:\\\/\\\/secure.gravatar.com\\\/avatar\\\/37c506f5d8aabe4a71f944fdc6d7c9c68f1a687f9d18adee23a2a20cbdcadde0?s=96&d=mm&r=g\",\"url\":\"https:\\\/\\\/secure.gravatar.com\\\/avatar\\\/37c506f5d8aabe4a71f944fdc6d7c9c68f1a687f9d18adee23a2a20cbdcadde0?s=96&d=mm&r=g\",\"contentUrl\":\"https:\\\/\\\/secure.gravatar.com\\\/avatar\\\/37c506f5d8aabe4a71f944fdc6d7c9c68f1a687f9d18adee23a2a20cbdcadde0?s=96&d=mm&r=g\",\"caption\":\"admin\"},\"sameAs\":[\"https:\\\/\\\/guidesi.ch\\\/2023\"],\"url\":\"https:\\\/\\\/guidesi.ch\\\/es\\\/author\\\/fabio\\\/\"}]}<\/script>\n<!-- \/ Yoast SEO plugin. -->","yoast_head_json":{"title":"Panorama desde el San Salvatore con bajada a pie - GuideSi","robots":{"index":"index","follow":"follow","max-snippet":"max-snippet:-1","max-image-preview":"max-image-preview:large","max-video-preview":"max-video-preview:-1"},"canonical":"https:\/\/guidesi.ch\/panorama-dal-san-salvatore-discesa-a-piedi\/","og_locale":"es_ES","og_type":"article","og_title":"Panorama desde el San Salvatore con bajada a pie - GuideSi","og_description":"Panorama desde el San Salvatore con bajada a pie El panorama de 360\u00b0 desde la cumbre del Monte San Salvatore es uno de los grandes espect\u00e1culos que se puede disfrutar en Lugano y el cual vamos a explicar en detalle. Para completar esta experiencia se puede bajar a pie, no directamente a Lugano, debido a [&hellip;]","og_url":"https:\/\/guidesi.ch\/panorama-dal-san-salvatore-discesa-a-piedi\/","og_site_name":"GuideSi","article_published_time":"2023-09-15T13:59:00+00:00","article_modified_time":"2023-09-27T09:15:26+00:00","og_image":[{"width":250,"height":250,"url":"https:\/\/guidesi.ch\/2023\/wp-content\/uploads\/2023\/09\/250_guidesi_tour_san_salvatore.jpg","type":"image\/jpeg"}],"author":"admin","twitter_card":"summary_large_image","twitter_misc":{"Escrito por":"admin","Tiempo de lectura":"1 minuto"},"schema":{"@context":"https:\/\/schema.org","@graph":[{"@type":"Article","@id":"https:\/\/guidesi.ch\/panorama-dal-san-salvatore-discesa-a-piedi\/#article","isPartOf":{"@id":"https:\/\/guidesi.ch\/panorama-dal-san-salvatore-discesa-a-piedi\/"},"author":{"name":"admin","@id":"https:\/\/guidesi.ch\/#\/schema\/person\/287a0cb62a6b88425e5e785bf68350de"},"headline":"Panorama desde el San Salvatore con bajada a pie","datePublished":"2023-09-15T13:59:00+00:00","dateModified":"2023-09-27T09:15:26+00:00","mainEntityOfPage":{"@id":"https:\/\/guidesi.ch\/panorama-dal-san-salvatore-discesa-a-piedi\/"},"wordCount":144,"commentCount":0,"publisher":{"@id":"https:\/\/guidesi.ch\/#organization"},"image":{"@id":"https:\/\/guidesi.ch\/panorama-dal-san-salvatore-discesa-a-piedi\/#primaryimage"},"thumbnailUrl":"https:\/\/guidesi.ch\/2023\/wp-content\/uploads\/2023\/09\/250_guidesi_tour_san_salvatore.jpg","keywords":["TOUR"],"articleSection":["LUGANO Y ALREDEDORES"],"inLanguage":"es","potentialAction":[{"@type":"CommentAction","name":"Comment","target":["https:\/\/guidesi.ch\/panorama-dal-san-salvatore-discesa-a-piedi\/#respond"]}]},{"@type":"WebPage","@id":"https:\/\/guidesi.ch\/panorama-dal-san-salvatore-discesa-a-piedi\/","url":"https:\/\/guidesi.ch\/panorama-dal-san-salvatore-discesa-a-piedi\/","name":"Panorama desde el San Salvatore con bajada a pie - GuideSi","isPartOf":{"@id":"https:\/\/guidesi.ch\/#website"},"primaryImageOfPage":{"@id":"https:\/\/guidesi.ch\/panorama-dal-san-salvatore-discesa-a-piedi\/#primaryimage"},"image":{"@id":"https:\/\/guidesi.ch\/panorama-dal-san-salvatore-discesa-a-piedi\/#primaryimage"},"thumbnailUrl":"https:\/\/guidesi.ch\/2023\/wp-content\/uploads\/2023\/09\/250_guidesi_tour_san_salvatore.jpg","datePublished":"2023-09-15T13:59:00+00:00","dateModified":"2023-09-27T09:15:26+00:00","breadcrumb":{"@id":"https:\/\/guidesi.ch\/panorama-dal-san-salvatore-discesa-a-piedi\/#breadcrumb"},"inLanguage":"es","potentialAction":[{"@type":"ReadAction","target":["https:\/\/guidesi.ch\/panorama-dal-san-salvatore-discesa-a-piedi\/"]}]},{"@type":"ImageObject","inLanguage":"es","@id":"https:\/\/guidesi.ch\/panorama-dal-san-salvatore-discesa-a-piedi\/#primaryimage","url":"https:\/\/guidesi.ch\/2023\/wp-content\/uploads\/2023\/09\/250_guidesi_tour_san_salvatore.jpg","contentUrl":"https:\/\/guidesi.ch\/2023\/wp-content\/uploads\/2023\/09\/250_guidesi_tour_san_salvatore.jpg","width":250,"height":250},{"@type":"BreadcrumbList","@id":"https:\/\/guidesi.ch\/panorama-dal-san-salvatore-discesa-a-piedi\/#breadcrumb","itemListElement":[{"@type":"ListItem","position":1,"name":"Home","item":"https:\/\/guidesi.ch\/"},{"@type":"ListItem","position":2,"name":"Panorama desde el San Salvatore con bajada a pie"}]},{"@type":"WebSite","@id":"https:\/\/guidesi.ch\/#website","url":"https:\/\/guidesi.ch\/","name":"GuideSi","description":"Guide Turistiche della Svizzera Italiana","publisher":{"@id":"https:\/\/guidesi.ch\/#organization"},"potentialAction":[{"@type":"SearchAction","target":{"@type":"EntryPoint","urlTemplate":"https:\/\/guidesi.ch\/?s={search_term_string}"},"query-input":{"@type":"PropertyValueSpecification","valueRequired":true,"valueName":"search_term_string"}}],"inLanguage":"es"},{"@type":"Organization","@id":"https:\/\/guidesi.ch\/#organization","name":"GuideSi","url":"https:\/\/guidesi.ch\/","logo":{"@type":"ImageObject","inLanguage":"es","@id":"https:\/\/guidesi.ch\/#\/schema\/logo\/image\/","url":"https:\/\/guidesi.ch\/2023\/wp-content\/uploads\/2023\/09\/400x120_guidesi_logo.png","contentUrl":"https:\/\/guidesi.ch\/2023\/wp-content\/uploads\/2023\/09\/400x120_guidesi_logo.png","width":400,"height":120,"caption":"GuideSi"},"image":{"@id":"https:\/\/guidesi.ch\/#\/schema\/logo\/image\/"}},{"@type":"Person","@id":"https:\/\/guidesi.ch\/#\/schema\/person\/287a0cb62a6b88425e5e785bf68350de","name":"admin","image":{"@type":"ImageObject","inLanguage":"es","@id":"https:\/\/secure.gravatar.com\/avatar\/37c506f5d8aabe4a71f944fdc6d7c9c68f1a687f9d18adee23a2a20cbdcadde0?s=96&d=mm&r=g","url":"https:\/\/secure.gravatar.com\/avatar\/37c506f5d8aabe4a71f944fdc6d7c9c68f1a687f9d18adee23a2a20cbdcadde0?s=96&d=mm&r=g","contentUrl":"https:\/\/secure.gravatar.com\/avatar\/37c506f5d8aabe4a71f944fdc6d7c9c68f1a687f9d18adee23a2a20cbdcadde0?s=96&d=mm&r=g","caption":"admin"},"sameAs":["https:\/\/guidesi.ch\/2023"],"url":"https:\/\/guidesi.ch\/es\/author\/fabio\/"}]}},"_links":{"self":[{"href":"https:\/\/guidesi.ch\/es\/wp-json\/wp\/v2\/posts\/836","targetHints":{"allow":["GET"]}}],"collection":[{"href":"https:\/\/guidesi.ch\/es\/wp-json\/wp\/v2\/posts"}],"about":[{"href":"https:\/\/guidesi.ch\/es\/wp-json\/wp\/v2\/types\/post"}],"author":[{"embeddable":true,"href":"https:\/\/guidesi.ch\/es\/wp-json\/wp\/v2\/users\/1"}],"replies":[{"embeddable":true,"href":"https:\/\/guidesi.ch\/es\/wp-json\/wp\/v2\/comments?post=836"}],"version-history":[{"count":2,"href":"https:\/\/guidesi.ch\/es\/wp-json\/wp\/v2\/posts\/836\/revisions"}],"predecessor-version":[{"id":3370,"href":"https:\/\/guidesi.ch\/es\/wp-json\/wp\/v2\/posts\/836\/revisions\/3370"}],"wp:featuredmedia":[{"embeddable":true,"href":"https:\/\/guidesi.ch\/es\/wp-json\/wp\/v2\/media\/837"}],"wp:attachment":[{"href":"https:\/\/guidesi.ch\/es\/wp-json\/wp\/v2\/media?parent=836"}],"wp:term":[{"taxonomy":"category","embeddable":true,"href":"https:\/\/guidesi.ch\/es\/wp-json\/wp\/v2\/categories?post=836"},{"taxonomy":"post_tag","embeddable":true,"href":"https:\/\/guidesi.ch\/es\/wp-json\/wp\/v2\/tags?post=836"}],"curies":[{"name":"wp","href":"https:\/\/api.w.org\/{rel}","templated":true}]}}