{"id":1038,"date":"2023-09-15T12:44:36","date_gmt":"2023-09-15T12:44:36","guid":{"rendered":"https:\/\/guidesi.ch\/2023\/arriere-pays-asconais\/"},"modified":"2023-09-27T09:26:40","modified_gmt":"2023-09-27T09:26:40","slug":"arriere-pays-asconais","status":"publish","type":"post","link":"https:\/\/guidesi.ch\/fr\/arriere-pays-asconais\/","title":{"rendered":"Arri\u00e8re-pays asconais"},"content":{"rendered":"\t\t<div data-elementor-type=\"wp-post\" data-elementor-id=\"1038\" class=\"elementor elementor-1038 elementor-233\" data-elementor-post-type=\"post\">\n\t\t\t\t<div class=\"elementor-element elementor-element-412e4a6 e-flex e-con-boxed e-con e-parent\" data-id=\"412e4a6\" data-element_type=\"container\" data-e-type=\"container\">\n\t\t\t\t\t<div class=\"e-con-inner\">\n\t\t\t\t<div class=\"elementor-element elementor-element-57e10d26 elementor-widget elementor-widget-image\" data-id=\"57e10d26\" data-element_type=\"widget\" data-e-type=\"widget\" data-widget_type=\"image.default\">\n\t\t\t\t<div class=\"elementor-widget-container\">\n\t\t\t\t\t\t\t\t\t\t\t\t\t\t\t<img fetchpriority=\"high\" decoding=\"async\" width=\"1024\" height=\"438\" src=\"https:\/\/guidesi.ch\/2023\/wp-content\/uploads\/2023\/09\/1400x_locarno_balladrum-1170x501-1-1024x438.jpg\" class=\"attachment-large size-large wp-image-1040\" alt=\"\" srcset=\"https:\/\/guidesi.ch\/2023\/wp-content\/uploads\/2023\/09\/1400x_locarno_balladrum-1170x501-1-1024x438.jpg 1024w, https:\/\/guidesi.ch\/2023\/wp-content\/uploads\/2023\/09\/1400x_locarno_balladrum-1170x501-1-300x128.jpg 300w, https:\/\/guidesi.ch\/2023\/wp-content\/uploads\/2023\/09\/1400x_locarno_balladrum-1170x501-1-768x329.jpg 768w, https:\/\/guidesi.ch\/2023\/wp-content\/uploads\/2023\/09\/1400x_locarno_balladrum-1170x501-1.jpg 1170w\" sizes=\"(max-width: 1024px) 100vw, 1024px\" \/>\t\t\t\t\t\t\t\t\t\t\t\t\t\t\t<\/div>\n\t\t\t\t<\/div>\n\t\t\t\t\t<\/div>\n\t\t\t\t<\/div>\n\t\t<div class=\"elementor-element elementor-element-48a7cc36 e-flex e-con-boxed e-con e-parent\" data-id=\"48a7cc36\" data-element_type=\"container\" data-e-type=\"container\">\n\t\t\t\t\t<div class=\"e-con-inner\">\n\t\t<div class=\"elementor-element elementor-element-e921c82 e-con-full e-flex e-con e-child\" data-id=\"e921c82\" data-element_type=\"container\" data-e-type=\"container\">\n\t\t\t\t<div class=\"elementor-element elementor-element-72313c45 elementor-widget elementor-widget-heading\" data-id=\"72313c45\" data-element_type=\"widget\" data-e-type=\"widget\" data-widget_type=\"heading.default\">\n\t\t\t\t<div class=\"elementor-widget-container\">\n\t\t\t\t\t<h2 class=\"elementor-heading-title elementor-size-default\">Arri\u00e8re-pays asconais<\/h2>\t\t\t\t<\/div>\n\t\t\t\t<\/div>\n\t\t\t\t<div class=\"elementor-element elementor-element-16ed0a18 elementor-widget elementor-widget-text-editor\" data-id=\"16ed0a18\" data-element_type=\"widget\" data-e-type=\"widget\" data-widget_type=\"text-editor.default\">\n\t\t\t\t<div class=\"elementor-widget-container\">\n\t\t\t\t\t\t\t\t\t<p>Dans les collines derri\u00e8re la ville d\u2019Ascona, nous allons d\u00e9couvrir l\u2019histoire et les curiosit\u00e9s du Monte Monescia, rebaptis\u00e9 Monte Verit\u00e0, qui \u00e0 partir de 1900 est devenu un p\u00f4le d\u2019attraction pour ceux qui jadis cherchaient une \u201cvie alternative\u201d. Une promenade le long d\u2019une belle for\u00eat de bouleaux et de foug\u00e8res am\u00e8ne \u00e0 la colline appel\u00e9e Balladrum o\u00f9 il y avait une petite fortification de la p\u00e9riode Tene (\u00e2ge du fer). Cette colline, assez \u00e9lev\u00e9 et raide, a donn\u00e9 lieu \u00e0 des l\u00e9gendes populaires qui racontent de l\u2019existence sur place d\u2019une ville avec des tours et de r\u00e9unions de sorci\u00e8res. Apr\u00e8s le d\u00e9jeuner, nous continuons dans la for\u00eat de Maia \u00e0 Arcegno. Le parc dispose d\u2019une for\u00eat sans activit\u00e9 humaine et laiss\u00e9 enti\u00e8rement \u00e0 son cours naturel (un cas assez unique au Tessin), qui nous permet de jouir de l\u2019infinie vari\u00e9t\u00e9 d\u2019aspects que seulement une for\u00eat primordiale peut donner.   <\/p>\n\t\t\t\t\t\t\t\t<\/div>\n\t\t\t\t<\/div>\n\t\t\t\t<\/div>\n\t\t<div class=\"elementor-element elementor-element-60b1d42a e-con-full e-flex e-con e-child\" data-id=\"60b1d42a\" data-element_type=\"container\" data-e-type=\"container\">\n\t\t\t\t<div class=\"elementor-element elementor-element-3ee259e elementor-widget elementor-widget-heading\" data-id=\"3ee259e\" data-element_type=\"widget\" data-e-type=\"widget\" data-widget_type=\"heading.default\">\n\t\t\t\t<div class=\"elementor-widget-container\">\n\t\t\t\t\t<h2 class=\"elementor-heading-title elementor-size-default\">PLUS D'INFORMATIONS:<\/h2>\t\t\t\t<\/div>\n\t\t\t\t<\/div>\n\t\t\t\t<div class=\"elementor-element elementor-element-784e0ed5 elementor-widget elementor-widget-text-editor\" data-id=\"784e0ed5\" data-element_type=\"widget\" data-e-type=\"widget\" data-widget_type=\"text-editor.default\">\n\t\t\t\t<div class=\"elementor-widget-container\">\n\t\t\t\t\t\t\t\t\t<p>E-Mail: <a href=\"mailto:info@guidesi.ch\">info@guidesi.ch<\/a><\/p>\n\t\t\t\t\t\t\t\t<\/div>\n\t\t\t\t<\/div>\n\t\t\t\t<\/div>\n\t\t\t\t\t<\/div>\n\t\t\t\t<\/div>\n\t\t<div class=\"elementor-element elementor-element-33ce337c e-flex e-con-boxed e-con e-parent\" data-id=\"33ce337c\" data-element_type=\"container\" data-e-type=\"container\">\n\t\t\t\t\t<div class=\"e-con-inner\">\n\t\t\t\t<div class=\"elementor-element elementor-element-7765c053 elementor-widget elementor-widget-heading\" data-id=\"7765c053\" data-element_type=\"widget\" data-e-type=\"widget\" data-widget_type=\"heading.default\">\n\t\t\t\t<div class=\"elementor-widget-container\">\n\t\t\t\t\t<h2 class=\"elementor-heading-title elementor-size-default\">Tours<\/h2>\t\t\t\t<\/div>\n\t\t\t\t<\/div>\n\t\t\t\t\t<\/div>\n\t\t\t\t<\/div>\n\t\t\t\t<\/div>\n\t\t","protected":false},"excerpt":{"rendered":"<p>Arri\u00e8re-pays asconais Dans les collines derri\u00e8re la ville d\u2019Ascona, nous allons d\u00e9couvrir l\u2019histoire et les curiosit\u00e9s du Monte Monescia, rebaptis\u00e9 Monte Verit\u00e0, qui \u00e0 partir de 1900 est devenu un p\u00f4le d\u2019attraction pour ceux qui jadis cherchaient une \u201cvie alternative\u201d. Une promenade le long d\u2019une belle for\u00eat de bouleaux et de foug\u00e8res am\u00e8ne \u00e0 la [&hellip;]<\/p>\n","protected":false},"author":1,"featured_media":1039,"comment_status":"open","ping_status":"closed","sticky":false,"template":"elementor_header_footer","format":"standard","meta":{"site-sidebar-layout":"default","site-content-layout":"","ast-site-content-layout":"default","site-content-style":"default","site-sidebar-style":"default","ast-global-header-display":"","ast-banner-title-visibility":"","ast-main-header-display":"","ast-hfb-above-header-display":"","ast-hfb-below-header-display":"","ast-hfb-mobile-header-display":"","site-post-title":"","ast-breadcrumbs-content":"","ast-featured-img":"","footer-sml-layout":"","ast-disable-related-posts":"","theme-transparent-header-meta":"","adv-header-id-meta":"","stick-header-meta":"","header-above-stick-meta":"","header-main-stick-meta":"","header-below-stick-meta":"","astra-migrate-meta-layouts":"default","ast-page-background-enabled":"default","ast-page-background-meta":{"desktop":{"background-color":"var(--ast-global-color-4)","background-image":"","background-repeat":"repeat","background-position":"center center","background-size":"auto","background-attachment":"scroll","background-type":"","background-media":"","overlay-type":"","overlay-color":"","overlay-opacity":"","overlay-gradient":""},"tablet":{"background-color":"","background-image":"","background-repeat":"repeat","background-position":"center center","background-size":"auto","background-attachment":"scroll","background-type":"","background-media":"","overlay-type":"","overlay-color":"","overlay-opacity":"","overlay-gradient":""},"mobile":{"background-color":"","background-image":"","background-repeat":"repeat","background-position":"center center","background-size":"auto","background-attachment":"scroll","background-type":"","background-media":"","overlay-type":"","overlay-color":"","overlay-opacity":"","overlay-gradient":""}},"ast-content-background-meta":{"desktop":{"background-color":"var(--ast-global-color-5)","background-image":"","background-repeat":"repeat","background-position":"center center","background-size":"auto","background-attachment":"scroll","background-type":"","background-media":"","overlay-type":"","overlay-color":"","overlay-opacity":"","overlay-gradient":""},"tablet":{"background-color":"var(--ast-global-color-5)","background-image":"","background-repeat":"repeat","background-position":"center center","background-size":"auto","background-attachment":"scroll","background-type":"","background-media":"","overlay-type":"","overlay-color":"","overlay-opacity":"","overlay-gradient":""},"mobile":{"background-color":"var(--ast-global-color-5)","background-image":"","background-repeat":"repeat","background-position":"center center","background-size":"auto","background-attachment":"scroll","background-type":"","background-media":"","overlay-type":"","overlay-color":"","overlay-opacity":"","overlay-gradient":""}},"footnotes":""},"categories":[50],"tags":[40],"class_list":["post-1038","post","type-post","status-publish","format-standard","has-post-thumbnail","hentry","category-locarno-et-environs","tag-tour-fr"],"yoast_head":"<!-- This site is optimized with the Yoast SEO plugin v27.4 - https:\/\/yoast.com\/product\/yoast-seo-wordpress\/ -->\n<title>Arri\u00e8re-pays asconais - GuideSi<\/title>\n<meta name=\"robots\" content=\"index, follow, max-snippet:-1, max-image-preview:large, max-video-preview:-1\" \/>\n<link rel=\"canonical\" href=\"https:\/\/guidesi.ch\/entroterra-asconese\/\" \/>\n<meta property=\"og:locale\" content=\"fr_FR\" \/>\n<meta property=\"og:type\" content=\"article\" \/>\n<meta property=\"og:title\" content=\"Arri\u00e8re-pays asconais - GuideSi\" \/>\n<meta property=\"og:description\" content=\"Arri\u00e8re-pays asconais Dans les collines derri\u00e8re la ville d\u2019Ascona, nous allons d\u00e9couvrir l\u2019histoire et les curiosit\u00e9s du Monte Monescia, rebaptis\u00e9 Monte Verit\u00e0, qui \u00e0 partir de 1900 est devenu un p\u00f4le d\u2019attraction pour ceux qui jadis cherchaient une \u201cvie alternative\u201d. Une promenade le long d\u2019une belle for\u00eat de bouleaux et de foug\u00e8res am\u00e8ne \u00e0 la [&hellip;]\" \/>\n<meta property=\"og:url\" content=\"https:\/\/guidesi.ch\/entroterra-asconese\/\" \/>\n<meta property=\"og:site_name\" content=\"GuideSi\" \/>\n<meta property=\"article:published_time\" content=\"2023-09-15T12:44:36+00:00\" \/>\n<meta property=\"article:modified_time\" content=\"2023-09-27T09:26:40+00:00\" \/>\n<meta property=\"og:image\" content=\"https:\/\/guidesi.ch\/2023\/wp-content\/uploads\/2023\/09\/250x_lcarno_balladrum.jpg\" \/>\n\t<meta property=\"og:image:width\" content=\"250\" \/>\n\t<meta property=\"og:image:height\" content=\"250\" \/>\n\t<meta property=\"og:image:type\" content=\"image\/jpeg\" \/>\n<meta name=\"author\" content=\"admin\" \/>\n<meta name=\"twitter:card\" content=\"summary_large_image\" \/>\n<meta name=\"twitter:label1\" content=\"\u00c9crit par\" \/>\n\t<meta name=\"twitter:data1\" content=\"admin\" \/>\n\t<meta name=\"twitter:label2\" content=\"Dur\u00e9e de lecture estim\u00e9e\" \/>\n\t<meta name=\"twitter:data2\" content=\"1 minute\" \/>\n<script type=\"application\/ld+json\" class=\"yoast-schema-graph\">{\"@context\":\"https:\\\/\\\/schema.org\",\"@graph\":[{\"@type\":\"Article\",\"@id\":\"https:\\\/\\\/guidesi.ch\\\/entroterra-asconese\\\/#article\",\"isPartOf\":{\"@id\":\"https:\\\/\\\/guidesi.ch\\\/entroterra-asconese\\\/\"},\"author\":{\"name\":\"admin\",\"@id\":\"https:\\\/\\\/guidesi.ch\\\/#\\\/schema\\\/person\\\/287a0cb62a6b88425e5e785bf68350de\"},\"headline\":\"Arri\u00e8re-pays asconais\",\"datePublished\":\"2023-09-15T12:44:36+00:00\",\"dateModified\":\"2023-09-27T09:26:40+00:00\",\"mainEntityOfPage\":{\"@id\":\"https:\\\/\\\/guidesi.ch\\\/entroterra-asconese\\\/\"},\"wordCount\":184,\"commentCount\":0,\"publisher\":{\"@id\":\"https:\\\/\\\/guidesi.ch\\\/#organization\"},\"image\":{\"@id\":\"https:\\\/\\\/guidesi.ch\\\/entroterra-asconese\\\/#primaryimage\"},\"thumbnailUrl\":\"https:\\\/\\\/guidesi.ch\\\/2023\\\/wp-content\\\/uploads\\\/2023\\\/09\\\/250x_lcarno_balladrum.jpg\",\"keywords\":[\"TOUR\"],\"articleSection\":[\"LOCARNO ET ENVIRONS\"],\"inLanguage\":\"fr-FR\",\"potentialAction\":[{\"@type\":\"CommentAction\",\"name\":\"Comment\",\"target\":[\"https:\\\/\\\/guidesi.ch\\\/entroterra-asconese\\\/#respond\"]}]},{\"@type\":\"WebPage\",\"@id\":\"https:\\\/\\\/guidesi.ch\\\/entroterra-asconese\\\/\",\"url\":\"https:\\\/\\\/guidesi.ch\\\/entroterra-asconese\\\/\",\"name\":\"Arri\u00e8re-pays asconais - GuideSi\",\"isPartOf\":{\"@id\":\"https:\\\/\\\/guidesi.ch\\\/#website\"},\"primaryImageOfPage\":{\"@id\":\"https:\\\/\\\/guidesi.ch\\\/entroterra-asconese\\\/#primaryimage\"},\"image\":{\"@id\":\"https:\\\/\\\/guidesi.ch\\\/entroterra-asconese\\\/#primaryimage\"},\"thumbnailUrl\":\"https:\\\/\\\/guidesi.ch\\\/2023\\\/wp-content\\\/uploads\\\/2023\\\/09\\\/250x_lcarno_balladrum.jpg\",\"datePublished\":\"2023-09-15T12:44:36+00:00\",\"dateModified\":\"2023-09-27T09:26:40+00:00\",\"breadcrumb\":{\"@id\":\"https:\\\/\\\/guidesi.ch\\\/entroterra-asconese\\\/#breadcrumb\"},\"inLanguage\":\"fr-FR\",\"potentialAction\":[{\"@type\":\"ReadAction\",\"target\":[\"https:\\\/\\\/guidesi.ch\\\/entroterra-asconese\\\/\"]}]},{\"@type\":\"ImageObject\",\"inLanguage\":\"fr-FR\",\"@id\":\"https:\\\/\\\/guidesi.ch\\\/entroterra-asconese\\\/#primaryimage\",\"url\":\"https:\\\/\\\/guidesi.ch\\\/2023\\\/wp-content\\\/uploads\\\/2023\\\/09\\\/250x_lcarno_balladrum.jpg\",\"contentUrl\":\"https:\\\/\\\/guidesi.ch\\\/2023\\\/wp-content\\\/uploads\\\/2023\\\/09\\\/250x_lcarno_balladrum.jpg\",\"width\":250,\"height\":250},{\"@type\":\"BreadcrumbList\",\"@id\":\"https:\\\/\\\/guidesi.ch\\\/entroterra-asconese\\\/#breadcrumb\",\"itemListElement\":[{\"@type\":\"ListItem\",\"position\":1,\"name\":\"Home\",\"item\":\"https:\\\/\\\/guidesi.ch\\\/\"},{\"@type\":\"ListItem\",\"position\":2,\"name\":\"Arri\u00e8re-pays asconais\"}]},{\"@type\":\"WebSite\",\"@id\":\"https:\\\/\\\/guidesi.ch\\\/#website\",\"url\":\"https:\\\/\\\/guidesi.ch\\\/\",\"name\":\"GuideSi\",\"description\":\"Guide Turistiche della Svizzera Italiana\",\"publisher\":{\"@id\":\"https:\\\/\\\/guidesi.ch\\\/#organization\"},\"potentialAction\":[{\"@type\":\"SearchAction\",\"target\":{\"@type\":\"EntryPoint\",\"urlTemplate\":\"https:\\\/\\\/guidesi.ch\\\/?s={search_term_string}\"},\"query-input\":{\"@type\":\"PropertyValueSpecification\",\"valueRequired\":true,\"valueName\":\"search_term_string\"}}],\"inLanguage\":\"fr-FR\"},{\"@type\":\"Organization\",\"@id\":\"https:\\\/\\\/guidesi.ch\\\/#organization\",\"name\":\"GuideSi\",\"url\":\"https:\\\/\\\/guidesi.ch\\\/\",\"logo\":{\"@type\":\"ImageObject\",\"inLanguage\":\"fr-FR\",\"@id\":\"https:\\\/\\\/guidesi.ch\\\/#\\\/schema\\\/logo\\\/image\\\/\",\"url\":\"https:\\\/\\\/guidesi.ch\\\/2023\\\/wp-content\\\/uploads\\\/2023\\\/09\\\/400x120_guidesi_logo.png\",\"contentUrl\":\"https:\\\/\\\/guidesi.ch\\\/2023\\\/wp-content\\\/uploads\\\/2023\\\/09\\\/400x120_guidesi_logo.png\",\"width\":400,\"height\":120,\"caption\":\"GuideSi\"},\"image\":{\"@id\":\"https:\\\/\\\/guidesi.ch\\\/#\\\/schema\\\/logo\\\/image\\\/\"}},{\"@type\":\"Person\",\"@id\":\"https:\\\/\\\/guidesi.ch\\\/#\\\/schema\\\/person\\\/287a0cb62a6b88425e5e785bf68350de\",\"name\":\"admin\",\"image\":{\"@type\":\"ImageObject\",\"inLanguage\":\"fr-FR\",\"@id\":\"https:\\\/\\\/secure.gravatar.com\\\/avatar\\\/37c506f5d8aabe4a71f944fdc6d7c9c68f1a687f9d18adee23a2a20cbdcadde0?s=96&d=mm&r=g\",\"url\":\"https:\\\/\\\/secure.gravatar.com\\\/avatar\\\/37c506f5d8aabe4a71f944fdc6d7c9c68f1a687f9d18adee23a2a20cbdcadde0?s=96&d=mm&r=g\",\"contentUrl\":\"https:\\\/\\\/secure.gravatar.com\\\/avatar\\\/37c506f5d8aabe4a71f944fdc6d7c9c68f1a687f9d18adee23a2a20cbdcadde0?s=96&d=mm&r=g\",\"caption\":\"admin\"},\"sameAs\":[\"https:\\\/\\\/guidesi.ch\\\/2023\"],\"url\":\"https:\\\/\\\/guidesi.ch\\\/fr\\\/author\\\/fabio\\\/\"}]}<\/script>\n<!-- \/ Yoast SEO plugin. -->","yoast_head_json":{"title":"Arri\u00e8re-pays asconais - GuideSi","robots":{"index":"index","follow":"follow","max-snippet":"max-snippet:-1","max-image-preview":"max-image-preview:large","max-video-preview":"max-video-preview:-1"},"canonical":"https:\/\/guidesi.ch\/entroterra-asconese\/","og_locale":"fr_FR","og_type":"article","og_title":"Arri\u00e8re-pays asconais - GuideSi","og_description":"Arri\u00e8re-pays asconais Dans les collines derri\u00e8re la ville d\u2019Ascona, nous allons d\u00e9couvrir l\u2019histoire et les curiosit\u00e9s du Monte Monescia, rebaptis\u00e9 Monte Verit\u00e0, qui \u00e0 partir de 1900 est devenu un p\u00f4le d\u2019attraction pour ceux qui jadis cherchaient une \u201cvie alternative\u201d. Une promenade le long d\u2019une belle for\u00eat de bouleaux et de foug\u00e8res am\u00e8ne \u00e0 la [&hellip;]","og_url":"https:\/\/guidesi.ch\/entroterra-asconese\/","og_site_name":"GuideSi","article_published_time":"2023-09-15T12:44:36+00:00","article_modified_time":"2023-09-27T09:26:40+00:00","og_image":[{"width":250,"height":250,"url":"https:\/\/guidesi.ch\/2023\/wp-content\/uploads\/2023\/09\/250x_lcarno_balladrum.jpg","type":"image\/jpeg"}],"author":"admin","twitter_card":"summary_large_image","twitter_misc":{"\u00c9crit par":"admin","Dur\u00e9e de lecture estim\u00e9e":"1 minute"},"schema":{"@context":"https:\/\/schema.org","@graph":[{"@type":"Article","@id":"https:\/\/guidesi.ch\/entroterra-asconese\/#article","isPartOf":{"@id":"https:\/\/guidesi.ch\/entroterra-asconese\/"},"author":{"name":"admin","@id":"https:\/\/guidesi.ch\/#\/schema\/person\/287a0cb62a6b88425e5e785bf68350de"},"headline":"Arri\u00e8re-pays asconais","datePublished":"2023-09-15T12:44:36+00:00","dateModified":"2023-09-27T09:26:40+00:00","mainEntityOfPage":{"@id":"https:\/\/guidesi.ch\/entroterra-asconese\/"},"wordCount":184,"commentCount":0,"publisher":{"@id":"https:\/\/guidesi.ch\/#organization"},"image":{"@id":"https:\/\/guidesi.ch\/entroterra-asconese\/#primaryimage"},"thumbnailUrl":"https:\/\/guidesi.ch\/2023\/wp-content\/uploads\/2023\/09\/250x_lcarno_balladrum.jpg","keywords":["TOUR"],"articleSection":["LOCARNO ET ENVIRONS"],"inLanguage":"fr-FR","potentialAction":[{"@type":"CommentAction","name":"Comment","target":["https:\/\/guidesi.ch\/entroterra-asconese\/#respond"]}]},{"@type":"WebPage","@id":"https:\/\/guidesi.ch\/entroterra-asconese\/","url":"https:\/\/guidesi.ch\/entroterra-asconese\/","name":"Arri\u00e8re-pays asconais - GuideSi","isPartOf":{"@id":"https:\/\/guidesi.ch\/#website"},"primaryImageOfPage":{"@id":"https:\/\/guidesi.ch\/entroterra-asconese\/#primaryimage"},"image":{"@id":"https:\/\/guidesi.ch\/entroterra-asconese\/#primaryimage"},"thumbnailUrl":"https:\/\/guidesi.ch\/2023\/wp-content\/uploads\/2023\/09\/250x_lcarno_balladrum.jpg","datePublished":"2023-09-15T12:44:36+00:00","dateModified":"2023-09-27T09:26:40+00:00","breadcrumb":{"@id":"https:\/\/guidesi.ch\/entroterra-asconese\/#breadcrumb"},"inLanguage":"fr-FR","potentialAction":[{"@type":"ReadAction","target":["https:\/\/guidesi.ch\/entroterra-asconese\/"]}]},{"@type":"ImageObject","inLanguage":"fr-FR","@id":"https:\/\/guidesi.ch\/entroterra-asconese\/#primaryimage","url":"https:\/\/guidesi.ch\/2023\/wp-content\/uploads\/2023\/09\/250x_lcarno_balladrum.jpg","contentUrl":"https:\/\/guidesi.ch\/2023\/wp-content\/uploads\/2023\/09\/250x_lcarno_balladrum.jpg","width":250,"height":250},{"@type":"BreadcrumbList","@id":"https:\/\/guidesi.ch\/entroterra-asconese\/#breadcrumb","itemListElement":[{"@type":"ListItem","position":1,"name":"Home","item":"https:\/\/guidesi.ch\/"},{"@type":"ListItem","position":2,"name":"Arri\u00e8re-pays asconais"}]},{"@type":"WebSite","@id":"https:\/\/guidesi.ch\/#website","url":"https:\/\/guidesi.ch\/","name":"GuideSi","description":"Guide Turistiche della Svizzera Italiana","publisher":{"@id":"https:\/\/guidesi.ch\/#organization"},"potentialAction":[{"@type":"SearchAction","target":{"@type":"EntryPoint","urlTemplate":"https:\/\/guidesi.ch\/?s={search_term_string}"},"query-input":{"@type":"PropertyValueSpecification","valueRequired":true,"valueName":"search_term_string"}}],"inLanguage":"fr-FR"},{"@type":"Organization","@id":"https:\/\/guidesi.ch\/#organization","name":"GuideSi","url":"https:\/\/guidesi.ch\/","logo":{"@type":"ImageObject","inLanguage":"fr-FR","@id":"https:\/\/guidesi.ch\/#\/schema\/logo\/image\/","url":"https:\/\/guidesi.ch\/2023\/wp-content\/uploads\/2023\/09\/400x120_guidesi_logo.png","contentUrl":"https:\/\/guidesi.ch\/2023\/wp-content\/uploads\/2023\/09\/400x120_guidesi_logo.png","width":400,"height":120,"caption":"GuideSi"},"image":{"@id":"https:\/\/guidesi.ch\/#\/schema\/logo\/image\/"}},{"@type":"Person","@id":"https:\/\/guidesi.ch\/#\/schema\/person\/287a0cb62a6b88425e5e785bf68350de","name":"admin","image":{"@type":"ImageObject","inLanguage":"fr-FR","@id":"https:\/\/secure.gravatar.com\/avatar\/37c506f5d8aabe4a71f944fdc6d7c9c68f1a687f9d18adee23a2a20cbdcadde0?s=96&d=mm&r=g","url":"https:\/\/secure.gravatar.com\/avatar\/37c506f5d8aabe4a71f944fdc6d7c9c68f1a687f9d18adee23a2a20cbdcadde0?s=96&d=mm&r=g","contentUrl":"https:\/\/secure.gravatar.com\/avatar\/37c506f5d8aabe4a71f944fdc6d7c9c68f1a687f9d18adee23a2a20cbdcadde0?s=96&d=mm&r=g","caption":"admin"},"sameAs":["https:\/\/guidesi.ch\/2023"],"url":"https:\/\/guidesi.ch\/fr\/author\/fabio\/"}]}},"_links":{"self":[{"href":"https:\/\/guidesi.ch\/fr\/wp-json\/wp\/v2\/posts\/1038","targetHints":{"allow":["GET"]}}],"collection":[{"href":"https:\/\/guidesi.ch\/fr\/wp-json\/wp\/v2\/posts"}],"about":[{"href":"https:\/\/guidesi.ch\/fr\/wp-json\/wp\/v2\/types\/post"}],"author":[{"embeddable":true,"href":"https:\/\/guidesi.ch\/fr\/wp-json\/wp\/v2\/users\/1"}],"replies":[{"embeddable":true,"href":"https:\/\/guidesi.ch\/fr\/wp-json\/wp\/v2\/comments?post=1038"}],"version-history":[{"count":2,"href":"https:\/\/guidesi.ch\/fr\/wp-json\/wp\/v2\/posts\/1038\/revisions"}],"predecessor-version":[{"id":3424,"href":"https:\/\/guidesi.ch\/fr\/wp-json\/wp\/v2\/posts\/1038\/revisions\/3424"}],"wp:featuredmedia":[{"embeddable":true,"href":"https:\/\/guidesi.ch\/fr\/wp-json\/wp\/v2\/media\/1039"}],"wp:attachment":[{"href":"https:\/\/guidesi.ch\/fr\/wp-json\/wp\/v2\/media?parent=1038"}],"wp:term":[{"taxonomy":"category","embeddable":true,"href":"https:\/\/guidesi.ch\/fr\/wp-json\/wp\/v2\/categories?post=1038"},{"taxonomy":"post_tag","embeddable":true,"href":"https:\/\/guidesi.ch\/fr\/wp-json\/wp\/v2\/tags?post=1038"}],"curies":[{"name":"wp","href":"https:\/\/api.w.org\/{rel}","templated":true}]}}