{"id":4789,"date":"2025-05-26T10:30:14","date_gmt":"2025-05-26T10:30:14","guid":{"rendered":"https:\/\/guidesi.ch\/le-sentier-de-lenergie\/"},"modified":"2025-05-27T09:16:40","modified_gmt":"2025-05-27T09:16:40","slug":"le-sentier-de-lenergie","status":"publish","type":"post","link":"https:\/\/guidesi.ch\/fr\/le-sentier-de-lenergie\/","title":{"rendered":"Le Sentier de l&rsquo;Energie"},"content":{"rendered":"\t\t<div data-elementor-type=\"wp-post\" data-elementor-id=\"4789\" class=\"elementor elementor-4789 elementor-4763\" data-elementor-post-type=\"post\">\n\t\t\t\t<div class=\"elementor-element elementor-element-4f91288 e-flex e-con-boxed e-con e-parent\" data-id=\"4f91288\" data-element_type=\"container\" data-e-type=\"container\">\n\t\t\t\t\t<div class=\"e-con-inner\">\n\t\t\t\t<div class=\"elementor-element elementor-element-7d0a4158 elementor-widget elementor-widget-image\" data-id=\"7d0a4158\" data-element_type=\"widget\" data-e-type=\"widget\" data-widget_type=\"image.default\">\n\t\t\t\t<div class=\"elementor-widget-container\">\n\t\t\t\t\t\t\t\t\t\t\t\t\t\t\t<img fetchpriority=\"high\" decoding=\"async\" width=\"1024\" height=\"512\" src=\"https:\/\/guidesi.ch\/2023\/wp-content\/uploads\/2025\/05\/la-via-dellenergia-1400x700-min-1024x512.png\" class=\"attachment-large size-large wp-image-4772\" alt=\"\" srcset=\"https:\/\/guidesi.ch\/2023\/wp-content\/uploads\/2025\/05\/la-via-dellenergia-1400x700-min-1024x512.png 1024w, https:\/\/guidesi.ch\/2023\/wp-content\/uploads\/2025\/05\/la-via-dellenergia-1400x700-min-300x150.png 300w, https:\/\/guidesi.ch\/2023\/wp-content\/uploads\/2025\/05\/la-via-dellenergia-1400x700-min-768x384.png 768w, https:\/\/guidesi.ch\/2023\/wp-content\/uploads\/2025\/05\/la-via-dellenergia-1400x700-min.png 1400w\" sizes=\"(max-width: 1024px) 100vw, 1024px\" \/>\t\t\t\t\t\t\t\t\t\t\t\t\t\t\t<\/div>\n\t\t\t\t<\/div>\n\t\t\t\t\t<\/div>\n\t\t\t\t<\/div>\n\t\t<div class=\"elementor-element elementor-element-347493d7 e-flex e-con-boxed e-con e-parent\" data-id=\"347493d7\" data-element_type=\"container\" data-e-type=\"container\">\n\t\t\t\t\t<div class=\"e-con-inner\">\n\t\t<div class=\"elementor-element elementor-element-6277e89c e-con-full e-flex e-con e-child\" data-id=\"6277e89c\" data-element_type=\"container\" data-e-type=\"container\">\n\t\t\t\t<div class=\"elementor-element elementor-element-3937ba67 elementor-widget elementor-widget-theme-post-title elementor-page-title elementor-widget-heading\" data-id=\"3937ba67\" data-element_type=\"widget\" data-e-type=\"widget\" data-widget_type=\"theme-post-title.default\">\n\t\t\t\t<div class=\"elementor-widget-container\">\n\t\t\t\t\t<h1 class=\"elementor-heading-title elementor-size-default\">Le Sentier de l&rsquo;Energie<\/h1>\t\t\t\t<\/div>\n\t\t\t\t<\/div>\n\t\t\t\t<div class=\"elementor-element elementor-element-1c7f1ca7 elementor-widget elementor-widget-text-editor\" data-id=\"1c7f1ca7\" data-element_type=\"widget\" data-e-type=\"widget\" data-widget_type=\"text-editor.default\">\n\t\t\t\t<div class=\"elementor-widget-container\">\n\t\t\t\t\t\t\t\t\t<p>Venez d\u00e9couvrir avec nous le Sentier de l&rsquo;\u00c9nergie : un itin\u00e9raire circulaire qui serpente entre les \u00e9oliennes du parc \u00e9olien de San Gottardo et le barrage de Lucendro, offrant des vues uniques sur le paysage du Col. Sept stations le long du parcours vous invitent \u00e0 r\u00e9fl\u00e9chir sur le pass\u00e9, le pr\u00e9sent et l&rsquo;avenir de la production d&rsquo;\u00e9lectricit\u00e9 au Tessin et sur l&rsquo;utilisation des ressources \u00e9nerg\u00e9tiques renouvelables sur notre territoire. <\/p><p>Nous suivons un sentier d&rsquo;environ 5 km qui nous emm\u00e8ne devant ses cinq imposantes \u00e9oliennes, pour apprendre de pr\u00e8s comment l&rsquo;\u00e9nergie \u00e9olienne se transforme en \u00e9nergie \u00e9lectrique. Nous nous arr\u00eatons \u00e9galement pour d\u00e9couvrir les secrets du barrage de Lucendro, construit dans les ann\u00e9es 40. La visite dure environ 160 minutes.  <\/p><p>Pour une exp\u00e9rience encore plus compl\u00e8te, il est possible de combiner la visite avec un tour en e-bike. Il est possible de rejoindre le parc \u00e9olien du Saint-Gothard et le barrage de Lucendro en e-bike depuis\/vers le sud (Airolo, Ambr\u00ec, &#8230;), le long de la c\u00e9l\u00e8bre Tremola, ou depuis\/vers le nord (Andermatt, G\u00f6schenen, &#8230;). <\/p>\t\t\t\t\t\t\t\t<\/div>\n\t\t\t\t<\/div>\n\t\t\t\t<\/div>\n\t\t<div class=\"elementor-element elementor-element-2379547a e-con-full e-flex e-con e-child\" data-id=\"2379547a\" data-element_type=\"container\" data-e-type=\"container\">\n\t\t\t\t<div class=\"elementor-element elementor-element-adac67 elementor-widget elementor-widget-heading\" data-id=\"adac67\" data-element_type=\"widget\" data-e-type=\"widget\" data-widget_type=\"heading.default\">\n\t\t\t\t<div class=\"elementor-widget-container\">\n\t\t\t\t\t<h2 class=\"elementor-heading-title elementor-size-default\">PLUS D'INFORMATIONS:<\/h2>\t\t\t\t<\/div>\n\t\t\t\t<\/div>\n\t\t\t\t<div class=\"elementor-element elementor-element-54206bb9 elementor-widget elementor-widget-text-editor\" data-id=\"54206bb9\" data-element_type=\"widget\" data-e-type=\"widget\" data-widget_type=\"text-editor.default\">\n\t\t\t\t<div class=\"elementor-widget-container\">\n\t\t\t\t\t\t\t\t\t<p>E-Mail: <a href=\"mailto:info@guidesi.ch\">info@guidesi.ch<\/a><\/p>\t\t\t\t\t\t\t\t<\/div>\n\t\t\t\t<\/div>\n\t\t\t\t<div class=\"elementor-element elementor-element-c79a370 elementor-widget elementor-widget-heading\" data-id=\"c79a370\" data-element_type=\"widget\" data-e-type=\"widget\" data-widget_type=\"heading.default\">\n\t\t\t\t<div class=\"elementor-widget-container\">\n\t\t\t\t\t<h2 class=\"elementor-heading-title elementor-size-default\">Location e-bike et tours guid\u00e9s<\/h2>\t\t\t\t<\/div>\n\t\t\t\t<\/div>\n\t\t\t\t<div class=\"elementor-element elementor-element-97d8a73 elementor-widget elementor-widget-text-editor\" data-id=\"97d8a73\" data-element_type=\"widget\" data-e-type=\"widget\" data-widget_type=\"text-editor.default\">\n\t\t\t\t<div class=\"elementor-widget-container\">\n\t\t\t\t\t\t\t\t\t<p><span style=\"font-style: inherit; font-weight: inherit;\">Site web : <a href=\"http:\/\/www.bike-port.ch\">www.bike-port.ch<\/a><\/span><\/p><p>E-Mail<span style=\"color: #0563c1; font-family: Arial, sans-serif;\">: <a href=\"mailto:marco@bike-port.ch\">marco@bike-port.ch<\/a><\/span><\/p>\t\t\t\t\t\t\t\t<\/div>\n\t\t\t\t<\/div>\n\t\t\t\t<\/div>\n\t\t\t\t\t<\/div>\n\t\t\t\t<\/div>\n\t\t<div class=\"elementor-element elementor-element-8177b15 e-flex e-con-boxed e-con e-parent\" data-id=\"8177b15\" data-element_type=\"container\" data-e-type=\"container\">\n\t\t\t\t\t<div class=\"e-con-inner\">\n\t\t\t\t<div class=\"elementor-element elementor-element-1831f4d elementor-widget elementor-widget-heading\" data-id=\"1831f4d\" data-element_type=\"widget\" data-e-type=\"widget\" data-widget_type=\"heading.default\">\n\t\t\t\t<div class=\"elementor-widget-container\">\n\t\t\t\t\t<h2 class=\"elementor-heading-title elementor-size-default\">Tours<\/h2>\t\t\t\t<\/div>\n\t\t\t\t<\/div>\n\t\t\t\t\t<\/div>\n\t\t\t\t<\/div>\n\t\t\t\t<\/div>\n\t\t","protected":false},"excerpt":{"rendered":"<p>Venez d\u00e9couvrir avec nous le Sentier de l&rsquo;\u00c9nergie : un itin\u00e9raire circulaire qui serpente entre les \u00e9oliennes du parc \u00e9olien de San Gottardo et le barrage de Lucendro, offrant des vues uniques sur le paysage du Col. Sept stations le long du parcours vous invitent \u00e0 r\u00e9fl\u00e9chir sur le pass\u00e9, le pr\u00e9sent et l&rsquo;avenir de [&hellip;]<\/p>\n","protected":false},"author":1,"featured_media":4766,"comment_status":"closed","ping_status":"closed","sticky":false,"template":"elementor_header_footer","format":"standard","meta":{"site-sidebar-layout":"default","site-content-layout":"","ast-site-content-layout":"default","site-content-style":"default","site-sidebar-style":"default","ast-global-header-display":"","ast-banner-title-visibility":"","ast-main-header-display":"","ast-hfb-above-header-display":"","ast-hfb-below-header-display":"","ast-hfb-mobile-header-display":"","site-post-title":"","ast-breadcrumbs-content":"","ast-featured-img":"","footer-sml-layout":"","ast-disable-related-posts":"","theme-transparent-header-meta":"","adv-header-id-meta":"","stick-header-meta":"","header-above-stick-meta":"","header-main-stick-meta":"","header-below-stick-meta":"","astra-migrate-meta-layouts":"default","ast-page-background-enabled":"default","ast-page-background-meta":{"desktop":{"background-color":"var(--ast-global-color-4)","background-image":"","background-repeat":"repeat","background-position":"center center","background-size":"auto","background-attachment":"scroll","background-type":"","background-media":"","overlay-type":"","overlay-color":"","overlay-opacity":"","overlay-gradient":""},"tablet":{"background-color":"","background-image":"","background-repeat":"repeat","background-position":"center center","background-size":"auto","background-attachment":"scroll","background-type":"","background-media":"","overlay-type":"","overlay-color":"","overlay-opacity":"","overlay-gradient":""},"mobile":{"background-color":"","background-image":"","background-repeat":"repeat","background-position":"center center","background-size":"auto","background-attachment":"scroll","background-type":"","background-media":"","overlay-type":"","overlay-color":"","overlay-opacity":"","overlay-gradient":""}},"ast-content-background-meta":{"desktop":{"background-color":"var(--ast-global-color-5)","background-image":"","background-repeat":"repeat","background-position":"center center","background-size":"auto","background-attachment":"scroll","background-type":"","background-media":"","overlay-type":"","overlay-color":"","overlay-opacity":"","overlay-gradient":""},"tablet":{"background-color":"var(--ast-global-color-5)","background-image":"","background-repeat":"repeat","background-position":"center center","background-size":"auto","background-attachment":"scroll","background-type":"","background-media":"","overlay-type":"","overlay-color":"","overlay-opacity":"","overlay-gradient":""},"mobile":{"background-color":"var(--ast-global-color-5)","background-image":"","background-repeat":"repeat","background-position":"center center","background-size":"auto","background-attachment":"scroll","background-type":"","background-media":"","overlay-type":"","overlay-color":"","overlay-opacity":"","overlay-gradient":""}},"footnotes":""},"categories":[39],"tags":[40],"class_list":["post-4789","post","type-post","status-publish","format-standard","has-post-thumbnail","hentry","category-bellinzona-et-environs","tag-tour-fr"],"yoast_head":"<!-- This site is optimized with the Yoast SEO plugin v27.4 - https:\/\/yoast.com\/product\/yoast-seo-wordpress\/ -->\n<title>Le Sentier de l&#039;Energie - GuideSi<\/title>\n<meta name=\"robots\" content=\"index, follow, max-snippet:-1, max-image-preview:large, max-video-preview:-1\" \/>\n<link rel=\"canonical\" href=\"https:\/\/guidesi.ch\/fr\/le-sentier-de-lenergie\/\" \/>\n<meta property=\"og:locale\" content=\"fr_FR\" \/>\n<meta property=\"og:type\" content=\"article\" \/>\n<meta property=\"og:title\" content=\"Le Sentier de l&#039;Energie - GuideSi\" \/>\n<meta property=\"og:description\" content=\"Venez d\u00e9couvrir avec nous le Sentier de l&rsquo;\u00c9nergie : un itin\u00e9raire circulaire qui serpente entre les \u00e9oliennes du parc \u00e9olien de San Gottardo et le barrage de Lucendro, offrant des vues uniques sur le paysage du Col. Sept stations le long du parcours vous invitent \u00e0 r\u00e9fl\u00e9chir sur le pass\u00e9, le pr\u00e9sent et l&rsquo;avenir de [&hellip;]\" \/>\n<meta property=\"og:url\" content=\"https:\/\/guidesi.ch\/fr\/le-sentier-de-lenergie\/\" \/>\n<meta property=\"og:site_name\" content=\"GuideSi\" \/>\n<meta property=\"article:published_time\" content=\"2025-05-26T10:30:14+00:00\" \/>\n<meta property=\"article:modified_time\" content=\"2025-05-27T09:16:40+00:00\" \/>\n<meta property=\"og:image\" content=\"https:\/\/guidesi.ch\/2023\/wp-content\/uploads\/2025\/05\/La-via-dellenergia-250x250-min.png\" \/>\n\t<meta property=\"og:image:width\" content=\"250\" \/>\n\t<meta property=\"og:image:height\" content=\"250\" \/>\n\t<meta property=\"og:image:type\" content=\"image\/png\" \/>\n<meta name=\"author\" content=\"admin\" \/>\n<meta name=\"twitter:card\" content=\"summary_large_image\" \/>\n<meta name=\"twitter:label1\" content=\"\u00c9crit par\" \/>\n\t<meta name=\"twitter:data1\" content=\"admin\" \/>\n\t<meta name=\"twitter:label2\" content=\"Dur\u00e9e de lecture estim\u00e9e\" \/>\n\t<meta name=\"twitter:data2\" content=\"1 minute\" \/>\n<script type=\"application\/ld+json\" class=\"yoast-schema-graph\">{\"@context\":\"https:\\\/\\\/schema.org\",\"@graph\":[{\"@type\":\"Article\",\"@id\":\"https:\\\/\\\/guidesi.ch\\\/fr\\\/le-sentier-de-lenergie\\\/#article\",\"isPartOf\":{\"@id\":\"https:\\\/\\\/guidesi.ch\\\/fr\\\/le-sentier-de-lenergie\\\/\"},\"author\":{\"name\":\"admin\",\"@id\":\"https:\\\/\\\/guidesi.ch\\\/#\\\/schema\\\/person\\\/287a0cb62a6b88425e5e785bf68350de\"},\"headline\":\"Le Sentier de l&rsquo;Energie\",\"datePublished\":\"2025-05-26T10:30:14+00:00\",\"dateModified\":\"2025-05-27T09:16:40+00:00\",\"mainEntityOfPage\":{\"@id\":\"https:\\\/\\\/guidesi.ch\\\/fr\\\/le-sentier-de-lenergie\\\/\"},\"wordCount\":219,\"publisher\":{\"@id\":\"https:\\\/\\\/guidesi.ch\\\/#organization\"},\"image\":{\"@id\":\"https:\\\/\\\/guidesi.ch\\\/fr\\\/le-sentier-de-lenergie\\\/#primaryimage\"},\"thumbnailUrl\":\"https:\\\/\\\/guidesi.ch\\\/2023\\\/wp-content\\\/uploads\\\/2025\\\/05\\\/La-via-dellenergia-250x250-min.png\",\"keywords\":[\"TOUR\"],\"articleSection\":[\"BELLINZONA ET ENVIRONS\"],\"inLanguage\":\"fr-FR\"},{\"@type\":\"WebPage\",\"@id\":\"https:\\\/\\\/guidesi.ch\\\/fr\\\/le-sentier-de-lenergie\\\/\",\"url\":\"https:\\\/\\\/guidesi.ch\\\/fr\\\/le-sentier-de-lenergie\\\/\",\"name\":\"Le Sentier de l'Energie - GuideSi\",\"isPartOf\":{\"@id\":\"https:\\\/\\\/guidesi.ch\\\/#website\"},\"primaryImageOfPage\":{\"@id\":\"https:\\\/\\\/guidesi.ch\\\/fr\\\/le-sentier-de-lenergie\\\/#primaryimage\"},\"image\":{\"@id\":\"https:\\\/\\\/guidesi.ch\\\/fr\\\/le-sentier-de-lenergie\\\/#primaryimage\"},\"thumbnailUrl\":\"https:\\\/\\\/guidesi.ch\\\/2023\\\/wp-content\\\/uploads\\\/2025\\\/05\\\/La-via-dellenergia-250x250-min.png\",\"datePublished\":\"2025-05-26T10:30:14+00:00\",\"dateModified\":\"2025-05-27T09:16:40+00:00\",\"breadcrumb\":{\"@id\":\"https:\\\/\\\/guidesi.ch\\\/fr\\\/le-sentier-de-lenergie\\\/#breadcrumb\"},\"inLanguage\":\"fr-FR\",\"potentialAction\":[{\"@type\":\"ReadAction\",\"target\":[\"https:\\\/\\\/guidesi.ch\\\/fr\\\/le-sentier-de-lenergie\\\/\"]}]},{\"@type\":\"ImageObject\",\"inLanguage\":\"fr-FR\",\"@id\":\"https:\\\/\\\/guidesi.ch\\\/fr\\\/le-sentier-de-lenergie\\\/#primaryimage\",\"url\":\"https:\\\/\\\/guidesi.ch\\\/2023\\\/wp-content\\\/uploads\\\/2025\\\/05\\\/La-via-dellenergia-250x250-min.png\",\"contentUrl\":\"https:\\\/\\\/guidesi.ch\\\/2023\\\/wp-content\\\/uploads\\\/2025\\\/05\\\/La-via-dellenergia-250x250-min.png\",\"width\":250,\"height\":250},{\"@type\":\"BreadcrumbList\",\"@id\":\"https:\\\/\\\/guidesi.ch\\\/fr\\\/le-sentier-de-lenergie\\\/#breadcrumb\",\"itemListElement\":[{\"@type\":\"ListItem\",\"position\":1,\"name\":\"Home\",\"item\":\"https:\\\/\\\/guidesi.ch\\\/\"},{\"@type\":\"ListItem\",\"position\":2,\"name\":\"Le Sentier de l&rsquo;Energie\"}]},{\"@type\":\"WebSite\",\"@id\":\"https:\\\/\\\/guidesi.ch\\\/#website\",\"url\":\"https:\\\/\\\/guidesi.ch\\\/\",\"name\":\"GuideSi\",\"description\":\"Guide Turistiche della Svizzera Italiana\",\"publisher\":{\"@id\":\"https:\\\/\\\/guidesi.ch\\\/#organization\"},\"potentialAction\":[{\"@type\":\"SearchAction\",\"target\":{\"@type\":\"EntryPoint\",\"urlTemplate\":\"https:\\\/\\\/guidesi.ch\\\/?s={search_term_string}\"},\"query-input\":{\"@type\":\"PropertyValueSpecification\",\"valueRequired\":true,\"valueName\":\"search_term_string\"}}],\"inLanguage\":\"fr-FR\"},{\"@type\":\"Organization\",\"@id\":\"https:\\\/\\\/guidesi.ch\\\/#organization\",\"name\":\"GuideSi\",\"url\":\"https:\\\/\\\/guidesi.ch\\\/\",\"logo\":{\"@type\":\"ImageObject\",\"inLanguage\":\"fr-FR\",\"@id\":\"https:\\\/\\\/guidesi.ch\\\/#\\\/schema\\\/logo\\\/image\\\/\",\"url\":\"https:\\\/\\\/guidesi.ch\\\/2023\\\/wp-content\\\/uploads\\\/2023\\\/09\\\/400x120_guidesi_logo.png\",\"contentUrl\":\"https:\\\/\\\/guidesi.ch\\\/2023\\\/wp-content\\\/uploads\\\/2023\\\/09\\\/400x120_guidesi_logo.png\",\"width\":400,\"height\":120,\"caption\":\"GuideSi\"},\"image\":{\"@id\":\"https:\\\/\\\/guidesi.ch\\\/#\\\/schema\\\/logo\\\/image\\\/\"}},{\"@type\":\"Person\",\"@id\":\"https:\\\/\\\/guidesi.ch\\\/#\\\/schema\\\/person\\\/287a0cb62a6b88425e5e785bf68350de\",\"name\":\"admin\",\"image\":{\"@type\":\"ImageObject\",\"inLanguage\":\"fr-FR\",\"@id\":\"https:\\\/\\\/secure.gravatar.com\\\/avatar\\\/37c506f5d8aabe4a71f944fdc6d7c9c68f1a687f9d18adee23a2a20cbdcadde0?s=96&d=mm&r=g\",\"url\":\"https:\\\/\\\/secure.gravatar.com\\\/avatar\\\/37c506f5d8aabe4a71f944fdc6d7c9c68f1a687f9d18adee23a2a20cbdcadde0?s=96&d=mm&r=g\",\"contentUrl\":\"https:\\\/\\\/secure.gravatar.com\\\/avatar\\\/37c506f5d8aabe4a71f944fdc6d7c9c68f1a687f9d18adee23a2a20cbdcadde0?s=96&d=mm&r=g\",\"caption\":\"admin\"},\"sameAs\":[\"https:\\\/\\\/guidesi.ch\\\/2023\"],\"url\":\"https:\\\/\\\/guidesi.ch\\\/fr\\\/author\\\/fabio\\\/\"}]}<\/script>\n<!-- \/ Yoast SEO plugin. -->","yoast_head_json":{"title":"Le Sentier de l'Energie - GuideSi","robots":{"index":"index","follow":"follow","max-snippet":"max-snippet:-1","max-image-preview":"max-image-preview:large","max-video-preview":"max-video-preview:-1"},"canonical":"https:\/\/guidesi.ch\/fr\/le-sentier-de-lenergie\/","og_locale":"fr_FR","og_type":"article","og_title":"Le Sentier de l'Energie - GuideSi","og_description":"Venez d\u00e9couvrir avec nous le Sentier de l&rsquo;\u00c9nergie : un itin\u00e9raire circulaire qui serpente entre les \u00e9oliennes du parc \u00e9olien de San Gottardo et le barrage de Lucendro, offrant des vues uniques sur le paysage du Col. Sept stations le long du parcours vous invitent \u00e0 r\u00e9fl\u00e9chir sur le pass\u00e9, le pr\u00e9sent et l&rsquo;avenir de [&hellip;]","og_url":"https:\/\/guidesi.ch\/fr\/le-sentier-de-lenergie\/","og_site_name":"GuideSi","article_published_time":"2025-05-26T10:30:14+00:00","article_modified_time":"2025-05-27T09:16:40+00:00","og_image":[{"width":250,"height":250,"url":"https:\/\/guidesi.ch\/2023\/wp-content\/uploads\/2025\/05\/La-via-dellenergia-250x250-min.png","type":"image\/png"}],"author":"admin","twitter_card":"summary_large_image","twitter_misc":{"\u00c9crit par":"admin","Dur\u00e9e de lecture estim\u00e9e":"1 minute"},"schema":{"@context":"https:\/\/schema.org","@graph":[{"@type":"Article","@id":"https:\/\/guidesi.ch\/fr\/le-sentier-de-lenergie\/#article","isPartOf":{"@id":"https:\/\/guidesi.ch\/fr\/le-sentier-de-lenergie\/"},"author":{"name":"admin","@id":"https:\/\/guidesi.ch\/#\/schema\/person\/287a0cb62a6b88425e5e785bf68350de"},"headline":"Le Sentier de l&rsquo;Energie","datePublished":"2025-05-26T10:30:14+00:00","dateModified":"2025-05-27T09:16:40+00:00","mainEntityOfPage":{"@id":"https:\/\/guidesi.ch\/fr\/le-sentier-de-lenergie\/"},"wordCount":219,"publisher":{"@id":"https:\/\/guidesi.ch\/#organization"},"image":{"@id":"https:\/\/guidesi.ch\/fr\/le-sentier-de-lenergie\/#primaryimage"},"thumbnailUrl":"https:\/\/guidesi.ch\/2023\/wp-content\/uploads\/2025\/05\/La-via-dellenergia-250x250-min.png","keywords":["TOUR"],"articleSection":["BELLINZONA ET ENVIRONS"],"inLanguage":"fr-FR"},{"@type":"WebPage","@id":"https:\/\/guidesi.ch\/fr\/le-sentier-de-lenergie\/","url":"https:\/\/guidesi.ch\/fr\/le-sentier-de-lenergie\/","name":"Le Sentier de l'Energie - GuideSi","isPartOf":{"@id":"https:\/\/guidesi.ch\/#website"},"primaryImageOfPage":{"@id":"https:\/\/guidesi.ch\/fr\/le-sentier-de-lenergie\/#primaryimage"},"image":{"@id":"https:\/\/guidesi.ch\/fr\/le-sentier-de-lenergie\/#primaryimage"},"thumbnailUrl":"https:\/\/guidesi.ch\/2023\/wp-content\/uploads\/2025\/05\/La-via-dellenergia-250x250-min.png","datePublished":"2025-05-26T10:30:14+00:00","dateModified":"2025-05-27T09:16:40+00:00","breadcrumb":{"@id":"https:\/\/guidesi.ch\/fr\/le-sentier-de-lenergie\/#breadcrumb"},"inLanguage":"fr-FR","potentialAction":[{"@type":"ReadAction","target":["https:\/\/guidesi.ch\/fr\/le-sentier-de-lenergie\/"]}]},{"@type":"ImageObject","inLanguage":"fr-FR","@id":"https:\/\/guidesi.ch\/fr\/le-sentier-de-lenergie\/#primaryimage","url":"https:\/\/guidesi.ch\/2023\/wp-content\/uploads\/2025\/05\/La-via-dellenergia-250x250-min.png","contentUrl":"https:\/\/guidesi.ch\/2023\/wp-content\/uploads\/2025\/05\/La-via-dellenergia-250x250-min.png","width":250,"height":250},{"@type":"BreadcrumbList","@id":"https:\/\/guidesi.ch\/fr\/le-sentier-de-lenergie\/#breadcrumb","itemListElement":[{"@type":"ListItem","position":1,"name":"Home","item":"https:\/\/guidesi.ch\/"},{"@type":"ListItem","position":2,"name":"Le Sentier de l&rsquo;Energie"}]},{"@type":"WebSite","@id":"https:\/\/guidesi.ch\/#website","url":"https:\/\/guidesi.ch\/","name":"GuideSi","description":"Guide Turistiche della Svizzera Italiana","publisher":{"@id":"https:\/\/guidesi.ch\/#organization"},"potentialAction":[{"@type":"SearchAction","target":{"@type":"EntryPoint","urlTemplate":"https:\/\/guidesi.ch\/?s={search_term_string}"},"query-input":{"@type":"PropertyValueSpecification","valueRequired":true,"valueName":"search_term_string"}}],"inLanguage":"fr-FR"},{"@type":"Organization","@id":"https:\/\/guidesi.ch\/#organization","name":"GuideSi","url":"https:\/\/guidesi.ch\/","logo":{"@type":"ImageObject","inLanguage":"fr-FR","@id":"https:\/\/guidesi.ch\/#\/schema\/logo\/image\/","url":"https:\/\/guidesi.ch\/2023\/wp-content\/uploads\/2023\/09\/400x120_guidesi_logo.png","contentUrl":"https:\/\/guidesi.ch\/2023\/wp-content\/uploads\/2023\/09\/400x120_guidesi_logo.png","width":400,"height":120,"caption":"GuideSi"},"image":{"@id":"https:\/\/guidesi.ch\/#\/schema\/logo\/image\/"}},{"@type":"Person","@id":"https:\/\/guidesi.ch\/#\/schema\/person\/287a0cb62a6b88425e5e785bf68350de","name":"admin","image":{"@type":"ImageObject","inLanguage":"fr-FR","@id":"https:\/\/secure.gravatar.com\/avatar\/37c506f5d8aabe4a71f944fdc6d7c9c68f1a687f9d18adee23a2a20cbdcadde0?s=96&d=mm&r=g","url":"https:\/\/secure.gravatar.com\/avatar\/37c506f5d8aabe4a71f944fdc6d7c9c68f1a687f9d18adee23a2a20cbdcadde0?s=96&d=mm&r=g","contentUrl":"https:\/\/secure.gravatar.com\/avatar\/37c506f5d8aabe4a71f944fdc6d7c9c68f1a687f9d18adee23a2a20cbdcadde0?s=96&d=mm&r=g","caption":"admin"},"sameAs":["https:\/\/guidesi.ch\/2023"],"url":"https:\/\/guidesi.ch\/fr\/author\/fabio\/"}]}},"_links":{"self":[{"href":"https:\/\/guidesi.ch\/fr\/wp-json\/wp\/v2\/posts\/4789","targetHints":{"allow":["GET"]}}],"collection":[{"href":"https:\/\/guidesi.ch\/fr\/wp-json\/wp\/v2\/posts"}],"about":[{"href":"https:\/\/guidesi.ch\/fr\/wp-json\/wp\/v2\/types\/post"}],"author":[{"embeddable":true,"href":"https:\/\/guidesi.ch\/fr\/wp-json\/wp\/v2\/users\/1"}],"replies":[{"embeddable":true,"href":"https:\/\/guidesi.ch\/fr\/wp-json\/wp\/v2\/comments?post=4789"}],"version-history":[{"count":3,"href":"https:\/\/guidesi.ch\/fr\/wp-json\/wp\/v2\/posts\/4789\/revisions"}],"predecessor-version":[{"id":4879,"href":"https:\/\/guidesi.ch\/fr\/wp-json\/wp\/v2\/posts\/4789\/revisions\/4879"}],"wp:featuredmedia":[{"embeddable":true,"href":"https:\/\/guidesi.ch\/fr\/wp-json\/wp\/v2\/media\/4766"}],"wp:attachment":[{"href":"https:\/\/guidesi.ch\/fr\/wp-json\/wp\/v2\/media?parent=4789"}],"wp:term":[{"taxonomy":"category","embeddable":true,"href":"https:\/\/guidesi.ch\/fr\/wp-json\/wp\/v2\/categories?post=4789"},{"taxonomy":"post_tag","embeddable":true,"href":"https:\/\/guidesi.ch\/fr\/wp-json\/wp\/v2\/tags?post=4789"}],"curies":[{"name":"wp","href":"https:\/\/api.w.org\/{rel}","templated":true}]}}