{"id":4862,"date":"2025-05-26T14:30:20","date_gmt":"2025-05-26T14:30:20","guid":{"rendered":"https:\/\/guidesi.ch\/1975-2025-50-ans-dhistoire-visites-guidees-du-palazzo-dei-congressi-de-lugano\/"},"modified":"2025-05-27T14:58:26","modified_gmt":"2025-05-27T14:58:26","slug":"1975-2025-50-ans-dhistoire-visites-guidees-du-palazzo-dei-congressi-de-lugano","status":"publish","type":"post","link":"https:\/\/guidesi.ch\/fr\/1975-2025-50-ans-dhistoire-visites-guidees-du-palazzo-dei-congressi-de-lugano\/","title":{"rendered":"1975-2025 : 50 ans d&rsquo;histoire ! Visites guid\u00e9es du Palazzo dei Congressi de Lugano"},"content":{"rendered":"\t\t<div data-elementor-type=\"wp-post\" data-elementor-id=\"4862\" class=\"elementor elementor-4862 elementor-4842\" data-elementor-post-type=\"post\">\n\t\t\t\t<div class=\"elementor-element elementor-element-16661d01 e-flex e-con-boxed e-con e-parent\" data-id=\"16661d01\" data-element_type=\"container\" data-e-type=\"container\">\n\t\t\t\t\t<div class=\"e-con-inner\">\n\t\t\t\t<div class=\"elementor-element elementor-element-654c4a2b elementor-widget elementor-widget-image\" data-id=\"654c4a2b\" data-element_type=\"widget\" data-e-type=\"widget\" data-widget_type=\"image.default\">\n\t\t\t\t<div class=\"elementor-widget-container\">\n\t\t\t\t\t\t\t\t\t\t\t\t\t\t\t<img fetchpriority=\"high\" decoding=\"async\" width=\"1024\" height=\"512\" src=\"https:\/\/guidesi.ch\/2023\/wp-content\/uploads\/2025\/05\/palazzo-congressi-lugano-1400x700-min-1024x512.png\" class=\"attachment-large size-large wp-image-4851\" alt=\"\" srcset=\"https:\/\/guidesi.ch\/2023\/wp-content\/uploads\/2025\/05\/palazzo-congressi-lugano-1400x700-min-1024x512.png 1024w, https:\/\/guidesi.ch\/2023\/wp-content\/uploads\/2025\/05\/palazzo-congressi-lugano-1400x700-min-300x150.png 300w, https:\/\/guidesi.ch\/2023\/wp-content\/uploads\/2025\/05\/palazzo-congressi-lugano-1400x700-min-768x384.png 768w, https:\/\/guidesi.ch\/2023\/wp-content\/uploads\/2025\/05\/palazzo-congressi-lugano-1400x700-min.png 1400w\" sizes=\"(max-width: 1024px) 100vw, 1024px\" \/>\t\t\t\t\t\t\t\t\t\t\t\t\t\t\t<\/div>\n\t\t\t\t<\/div>\n\t\t\t\t\t<\/div>\n\t\t\t\t<\/div>\n\t\t<div class=\"elementor-element elementor-element-12752c4d e-flex e-con-boxed e-con e-parent\" data-id=\"12752c4d\" data-element_type=\"container\" data-e-type=\"container\">\n\t\t\t\t\t<div class=\"e-con-inner\">\n\t\t<div class=\"elementor-element elementor-element-6b3b989c e-con-full e-flex e-con e-child\" data-id=\"6b3b989c\" data-element_type=\"container\" data-e-type=\"container\">\n\t\t\t\t<div class=\"elementor-element elementor-element-11fbd3e2 elementor-widget elementor-widget-theme-post-title elementor-page-title elementor-widget-heading\" data-id=\"11fbd3e2\" data-element_type=\"widget\" data-e-type=\"widget\" data-widget_type=\"theme-post-title.default\">\n\t\t\t\t<div class=\"elementor-widget-container\">\n\t\t\t\t\t<h1 class=\"elementor-heading-title elementor-size-default\">1975-2025 : 50 ans d&rsquo;histoire ! Visites guid\u00e9es du Palazzo dei Congressi de Lugano<\/h1>\t\t\t\t<\/div>\n\t\t\t\t<\/div>\n\t\t\t\t<div class=\"elementor-element elementor-element-5975da6c elementor-widget elementor-widget-text-editor\" data-id=\"5975da6c\" data-element_type=\"widget\" data-e-type=\"widget\" data-widget_type=\"text-editor.default\">\n\t\t\t\t<div class=\"elementor-widget-container\">\n\t\t\t\t\t\t\t\t\t<p>D\u00e9couvrez le Palazzo dei Congressi, ses environs et la Villa Ciani. Qu&rsquo;y avait-il avant ? Qui l&rsquo;a con\u00e7u ? Visitez les int\u00e9rieurs et les coulisses, et acc\u00e9dez \u00e0 la Villa Ciani qui lui est li\u00e9e. Lors de la visite guid\u00e9e, vous en apprendrez davantage sur des \u00e9v\u00e9nements particuliers et des invit\u00e9s c\u00e9l\u00e8bres, sans oublier quelques anecdotes sympathiques.    <\/p><p><span style=\"font-family: Helvetica Neue;\">Photo:<\/span><span style=\"font-family: arial, sans-serif;\"> \u00a9 <\/span><span style=\"font-family: Helvetica Neue;\">Lugano Eventi e Congressi<\/span><\/p>\t\t\t\t\t\t\t\t<\/div>\n\t\t\t\t<\/div>\n\t\t\t\t<\/div>\n\t\t<div class=\"elementor-element elementor-element-3d7c1be4 e-con-full e-flex e-con e-child\" data-id=\"3d7c1be4\" data-element_type=\"container\" data-e-type=\"container\">\n\t\t\t\t<div class=\"elementor-element elementor-element-7b89c4fc elementor-widget elementor-widget-heading\" data-id=\"7b89c4fc\" data-element_type=\"widget\" data-e-type=\"widget\" data-widget_type=\"heading.default\">\n\t\t\t\t<div class=\"elementor-widget-container\">\n\t\t\t\t\t<h2 class=\"elementor-heading-title elementor-size-default\">PLUS D'INFORMATIONS:<\/h2>\t\t\t\t<\/div>\n\t\t\t\t<\/div>\n\t\t\t\t<div class=\"elementor-element elementor-element-46b75ef9 elementor-widget elementor-widget-text-editor\" data-id=\"46b75ef9\" data-element_type=\"widget\" data-e-type=\"widget\" data-widget_type=\"text-editor.default\">\n\t\t\t\t<div class=\"elementor-widget-container\">\n\t\t\t\t\t\t\t\t\t<p>E-Mail: <a href=\"mailto:info@guidesi.ch\">info@guidesi.ch<\/a><\/p>\t\t\t\t\t\t\t\t<\/div>\n\t\t\t\t<\/div>\n\t\t\t\t<\/div>\n\t\t\t\t\t<\/div>\n\t\t\t\t<\/div>\n\t\t<div class=\"elementor-element elementor-element-25e789b9 e-flex e-con-boxed e-con e-parent\" data-id=\"25e789b9\" data-element_type=\"container\" data-e-type=\"container\">\n\t\t\t\t\t<div class=\"e-con-inner\">\n\t\t\t\t<div class=\"elementor-element elementor-element-1ee61c11 elementor-widget elementor-widget-heading\" data-id=\"1ee61c11\" data-element_type=\"widget\" data-e-type=\"widget\" data-widget_type=\"heading.default\">\n\t\t\t\t<div class=\"elementor-widget-container\">\n\t\t\t\t\t<h2 class=\"elementor-heading-title elementor-size-default\">Tours<\/h2>\t\t\t\t<\/div>\n\t\t\t\t<\/div>\n\t\t\t\t\t<\/div>\n\t\t\t\t<\/div>\n\t\t\t\t<\/div>\n\t\t","protected":false},"excerpt":{"rendered":"<p>D\u00e9couvrez le Palazzo dei Congressi, ses environs et la Villa Ciani. Qu&rsquo;y avait-il avant ? Qui l&rsquo;a con\u00e7u ? Visitez les int\u00e9rieurs et les coulisses, et acc\u00e9dez \u00e0 la Villa Ciani qui lui est li\u00e9e. Lors de la visite guid\u00e9e, vous en apprendrez davantage sur des \u00e9v\u00e9nements particuliers et des invit\u00e9s c\u00e9l\u00e8bres, sans oublier quelques [&hellip;]<\/p>\n","protected":false},"author":1,"featured_media":4845,"comment_status":"closed","ping_status":"closed","sticky":false,"template":"elementor_header_footer","format":"standard","meta":{"site-sidebar-layout":"default","site-content-layout":"","ast-site-content-layout":"default","site-content-style":"default","site-sidebar-style":"default","ast-global-header-display":"","ast-banner-title-visibility":"","ast-main-header-display":"","ast-hfb-above-header-display":"","ast-hfb-below-header-display":"","ast-hfb-mobile-header-display":"","site-post-title":"","ast-breadcrumbs-content":"","ast-featured-img":"","footer-sml-layout":"","ast-disable-related-posts":"","theme-transparent-header-meta":"","adv-header-id-meta":"","stick-header-meta":"","header-above-stick-meta":"","header-main-stick-meta":"","header-below-stick-meta":"","astra-migrate-meta-layouts":"default","ast-page-background-enabled":"default","ast-page-background-meta":{"desktop":{"background-color":"var(--ast-global-color-4)","background-image":"","background-repeat":"repeat","background-position":"center center","background-size":"auto","background-attachment":"scroll","background-type":"","background-media":"","overlay-type":"","overlay-color":"","overlay-opacity":"","overlay-gradient":""},"tablet":{"background-color":"","background-image":"","background-repeat":"repeat","background-position":"center center","background-size":"auto","background-attachment":"scroll","background-type":"","background-media":"","overlay-type":"","overlay-color":"","overlay-opacity":"","overlay-gradient":""},"mobile":{"background-color":"","background-image":"","background-repeat":"repeat","background-position":"center center","background-size":"auto","background-attachment":"scroll","background-type":"","background-media":"","overlay-type":"","overlay-color":"","overlay-opacity":"","overlay-gradient":""}},"ast-content-background-meta":{"desktop":{"background-color":"var(--ast-global-color-5)","background-image":"","background-repeat":"repeat","background-position":"center center","background-size":"auto","background-attachment":"scroll","background-type":"","background-media":"","overlay-type":"","overlay-color":"","overlay-opacity":"","overlay-gradient":""},"tablet":{"background-color":"var(--ast-global-color-5)","background-image":"","background-repeat":"repeat","background-position":"center center","background-size":"auto","background-attachment":"scroll","background-type":"","background-media":"","overlay-type":"","overlay-color":"","overlay-opacity":"","overlay-gradient":""},"mobile":{"background-color":"var(--ast-global-color-5)","background-image":"","background-repeat":"repeat","background-position":"center center","background-size":"auto","background-attachment":"scroll","background-type":"","background-media":"","overlay-type":"","overlay-color":"","overlay-opacity":"","overlay-gradient":""}},"footnotes":""},"categories":[46],"tags":[40],"class_list":["post-4862","post","type-post","status-publish","format-standard","has-post-thumbnail","hentry","category-lugano-et-environs","tag-tour-fr"],"yoast_head":"<!-- This site is optimized with the Yoast SEO plugin v27.4 - https:\/\/yoast.com\/product\/yoast-seo-wordpress\/ -->\n<title>Palazzo dei Congressi Lugano - GuideSi<\/title>\n<meta name=\"robots\" content=\"index, follow, max-snippet:-1, max-image-preview:large, max-video-preview:-1\" \/>\n<link rel=\"canonical\" href=\"https:\/\/guidesi.ch\/fr\/1975-2025-50-ans-dhistoire-visites-guidees-du-palazzo-dei-congressi-de-lugano\/\" \/>\n<meta property=\"og:locale\" content=\"fr_FR\" \/>\n<meta property=\"og:type\" content=\"article\" \/>\n<meta property=\"og:title\" content=\"Palazzo dei Congressi Lugano - GuideSi\" \/>\n<meta property=\"og:description\" content=\"D\u00e9couvrez le Palazzo dei Congressi, ses environs et la Villa Ciani. Qu&rsquo;y avait-il avant ? Qui l&rsquo;a con\u00e7u ? Visitez les int\u00e9rieurs et les coulisses, et acc\u00e9dez \u00e0 la Villa Ciani qui lui est li\u00e9e. Lors de la visite guid\u00e9e, vous en apprendrez davantage sur des \u00e9v\u00e9nements particuliers et des invit\u00e9s c\u00e9l\u00e8bres, sans oublier quelques [&hellip;]\" \/>\n<meta property=\"og:url\" content=\"https:\/\/guidesi.ch\/fr\/1975-2025-50-ans-dhistoire-visites-guidees-du-palazzo-dei-congressi-de-lugano\/\" \/>\n<meta property=\"og:site_name\" content=\"GuideSi\" \/>\n<meta property=\"article:published_time\" content=\"2025-05-26T14:30:20+00:00\" \/>\n<meta property=\"article:modified_time\" content=\"2025-05-27T14:58:26+00:00\" \/>\n<meta property=\"og:image\" content=\"https:\/\/guidesi.ch\/2023\/wp-content\/uploads\/2025\/05\/palazzo-congressi-lugano-250x250-min.png\" \/>\n\t<meta property=\"og:image:width\" content=\"250\" \/>\n\t<meta property=\"og:image:height\" content=\"250\" \/>\n\t<meta property=\"og:image:type\" content=\"image\/png\" \/>\n<meta name=\"author\" content=\"admin\" \/>\n<meta name=\"twitter:card\" content=\"summary_large_image\" \/>\n<meta name=\"twitter:label1\" content=\"\u00c9crit par\" \/>\n\t<meta name=\"twitter:data1\" content=\"admin\" \/>\n<script type=\"application\/ld+json\" class=\"yoast-schema-graph\">{\"@context\":\"https:\\\/\\\/schema.org\",\"@graph\":[{\"@type\":\"Article\",\"@id\":\"https:\\\/\\\/guidesi.ch\\\/fr\\\/1975-2025-50-ans-dhistoire-visites-guidees-du-palazzo-dei-congressi-de-lugano\\\/#article\",\"isPartOf\":{\"@id\":\"https:\\\/\\\/guidesi.ch\\\/fr\\\/1975-2025-50-ans-dhistoire-visites-guidees-du-palazzo-dei-congressi-de-lugano\\\/\"},\"author\":{\"name\":\"admin\",\"@id\":\"https:\\\/\\\/guidesi.ch\\\/#\\\/schema\\\/person\\\/287a0cb62a6b88425e5e785bf68350de\"},\"headline\":\"1975-2025 : 50 ans d&rsquo;histoire ! Visites guid\u00e9es du Palazzo dei Congressi de Lugano\",\"datePublished\":\"2025-05-26T14:30:20+00:00\",\"dateModified\":\"2025-05-27T14:58:26+00:00\",\"mainEntityOfPage\":{\"@id\":\"https:\\\/\\\/guidesi.ch\\\/fr\\\/1975-2025-50-ans-dhistoire-visites-guidees-du-palazzo-dei-congressi-de-lugano\\\/\"},\"wordCount\":92,\"publisher\":{\"@id\":\"https:\\\/\\\/guidesi.ch\\\/#organization\"},\"image\":{\"@id\":\"https:\\\/\\\/guidesi.ch\\\/fr\\\/1975-2025-50-ans-dhistoire-visites-guidees-du-palazzo-dei-congressi-de-lugano\\\/#primaryimage\"},\"thumbnailUrl\":\"https:\\\/\\\/guidesi.ch\\\/2023\\\/wp-content\\\/uploads\\\/2025\\\/05\\\/palazzo-congressi-lugano-250x250-min.png\",\"keywords\":[\"TOUR\"],\"articleSection\":[\"LUGANO ET ENVIRONS\"],\"inLanguage\":\"fr-FR\"},{\"@type\":\"WebPage\",\"@id\":\"https:\\\/\\\/guidesi.ch\\\/fr\\\/1975-2025-50-ans-dhistoire-visites-guidees-du-palazzo-dei-congressi-de-lugano\\\/\",\"url\":\"https:\\\/\\\/guidesi.ch\\\/fr\\\/1975-2025-50-ans-dhistoire-visites-guidees-du-palazzo-dei-congressi-de-lugano\\\/\",\"name\":\"Palazzo dei Congressi Lugano - GuideSi\",\"isPartOf\":{\"@id\":\"https:\\\/\\\/guidesi.ch\\\/#website\"},\"primaryImageOfPage\":{\"@id\":\"https:\\\/\\\/guidesi.ch\\\/fr\\\/1975-2025-50-ans-dhistoire-visites-guidees-du-palazzo-dei-congressi-de-lugano\\\/#primaryimage\"},\"image\":{\"@id\":\"https:\\\/\\\/guidesi.ch\\\/fr\\\/1975-2025-50-ans-dhistoire-visites-guidees-du-palazzo-dei-congressi-de-lugano\\\/#primaryimage\"},\"thumbnailUrl\":\"https:\\\/\\\/guidesi.ch\\\/2023\\\/wp-content\\\/uploads\\\/2025\\\/05\\\/palazzo-congressi-lugano-250x250-min.png\",\"datePublished\":\"2025-05-26T14:30:20+00:00\",\"dateModified\":\"2025-05-27T14:58:26+00:00\",\"breadcrumb\":{\"@id\":\"https:\\\/\\\/guidesi.ch\\\/fr\\\/1975-2025-50-ans-dhistoire-visites-guidees-du-palazzo-dei-congressi-de-lugano\\\/#breadcrumb\"},\"inLanguage\":\"fr-FR\",\"potentialAction\":[{\"@type\":\"ReadAction\",\"target\":[\"https:\\\/\\\/guidesi.ch\\\/fr\\\/1975-2025-50-ans-dhistoire-visites-guidees-du-palazzo-dei-congressi-de-lugano\\\/\"]}]},{\"@type\":\"ImageObject\",\"inLanguage\":\"fr-FR\",\"@id\":\"https:\\\/\\\/guidesi.ch\\\/fr\\\/1975-2025-50-ans-dhistoire-visites-guidees-du-palazzo-dei-congressi-de-lugano\\\/#primaryimage\",\"url\":\"https:\\\/\\\/guidesi.ch\\\/2023\\\/wp-content\\\/uploads\\\/2025\\\/05\\\/palazzo-congressi-lugano-250x250-min.png\",\"contentUrl\":\"https:\\\/\\\/guidesi.ch\\\/2023\\\/wp-content\\\/uploads\\\/2025\\\/05\\\/palazzo-congressi-lugano-250x250-min.png\",\"width\":250,\"height\":250},{\"@type\":\"BreadcrumbList\",\"@id\":\"https:\\\/\\\/guidesi.ch\\\/fr\\\/1975-2025-50-ans-dhistoire-visites-guidees-du-palazzo-dei-congressi-de-lugano\\\/#breadcrumb\",\"itemListElement\":[{\"@type\":\"ListItem\",\"position\":1,\"name\":\"Home\",\"item\":\"https:\\\/\\\/guidesi.ch\\\/\"},{\"@type\":\"ListItem\",\"position\":2,\"name\":\"1975-2025 : 50 ans d&rsquo;histoire ! Visites guid\u00e9es du Palazzo dei Congressi de Lugano\"}]},{\"@type\":\"WebSite\",\"@id\":\"https:\\\/\\\/guidesi.ch\\\/#website\",\"url\":\"https:\\\/\\\/guidesi.ch\\\/\",\"name\":\"GuideSi\",\"description\":\"Guide Turistiche della Svizzera Italiana\",\"publisher\":{\"@id\":\"https:\\\/\\\/guidesi.ch\\\/#organization\"},\"potentialAction\":[{\"@type\":\"SearchAction\",\"target\":{\"@type\":\"EntryPoint\",\"urlTemplate\":\"https:\\\/\\\/guidesi.ch\\\/?s={search_term_string}\"},\"query-input\":{\"@type\":\"PropertyValueSpecification\",\"valueRequired\":true,\"valueName\":\"search_term_string\"}}],\"inLanguage\":\"fr-FR\"},{\"@type\":\"Organization\",\"@id\":\"https:\\\/\\\/guidesi.ch\\\/#organization\",\"name\":\"GuideSi\",\"url\":\"https:\\\/\\\/guidesi.ch\\\/\",\"logo\":{\"@type\":\"ImageObject\",\"inLanguage\":\"fr-FR\",\"@id\":\"https:\\\/\\\/guidesi.ch\\\/#\\\/schema\\\/logo\\\/image\\\/\",\"url\":\"https:\\\/\\\/guidesi.ch\\\/2023\\\/wp-content\\\/uploads\\\/2023\\\/09\\\/400x120_guidesi_logo.png\",\"contentUrl\":\"https:\\\/\\\/guidesi.ch\\\/2023\\\/wp-content\\\/uploads\\\/2023\\\/09\\\/400x120_guidesi_logo.png\",\"width\":400,\"height\":120,\"caption\":\"GuideSi\"},\"image\":{\"@id\":\"https:\\\/\\\/guidesi.ch\\\/#\\\/schema\\\/logo\\\/image\\\/\"}},{\"@type\":\"Person\",\"@id\":\"https:\\\/\\\/guidesi.ch\\\/#\\\/schema\\\/person\\\/287a0cb62a6b88425e5e785bf68350de\",\"name\":\"admin\",\"image\":{\"@type\":\"ImageObject\",\"inLanguage\":\"fr-FR\",\"@id\":\"https:\\\/\\\/secure.gravatar.com\\\/avatar\\\/37c506f5d8aabe4a71f944fdc6d7c9c68f1a687f9d18adee23a2a20cbdcadde0?s=96&d=mm&r=g\",\"url\":\"https:\\\/\\\/secure.gravatar.com\\\/avatar\\\/37c506f5d8aabe4a71f944fdc6d7c9c68f1a687f9d18adee23a2a20cbdcadde0?s=96&d=mm&r=g\",\"contentUrl\":\"https:\\\/\\\/secure.gravatar.com\\\/avatar\\\/37c506f5d8aabe4a71f944fdc6d7c9c68f1a687f9d18adee23a2a20cbdcadde0?s=96&d=mm&r=g\",\"caption\":\"admin\"},\"sameAs\":[\"https:\\\/\\\/guidesi.ch\\\/2023\"],\"url\":\"https:\\\/\\\/guidesi.ch\\\/fr\\\/author\\\/fabio\\\/\"}]}<\/script>\n<!-- \/ Yoast SEO plugin. -->","yoast_head_json":{"title":"Palazzo dei Congressi Lugano - GuideSi","robots":{"index":"index","follow":"follow","max-snippet":"max-snippet:-1","max-image-preview":"max-image-preview:large","max-video-preview":"max-video-preview:-1"},"canonical":"https:\/\/guidesi.ch\/fr\/1975-2025-50-ans-dhistoire-visites-guidees-du-palazzo-dei-congressi-de-lugano\/","og_locale":"fr_FR","og_type":"article","og_title":"Palazzo dei Congressi Lugano - GuideSi","og_description":"D\u00e9couvrez le Palazzo dei Congressi, ses environs et la Villa Ciani. Qu&rsquo;y avait-il avant ? Qui l&rsquo;a con\u00e7u ? Visitez les int\u00e9rieurs et les coulisses, et acc\u00e9dez \u00e0 la Villa Ciani qui lui est li\u00e9e. Lors de la visite guid\u00e9e, vous en apprendrez davantage sur des \u00e9v\u00e9nements particuliers et des invit\u00e9s c\u00e9l\u00e8bres, sans oublier quelques [&hellip;]","og_url":"https:\/\/guidesi.ch\/fr\/1975-2025-50-ans-dhistoire-visites-guidees-du-palazzo-dei-congressi-de-lugano\/","og_site_name":"GuideSi","article_published_time":"2025-05-26T14:30:20+00:00","article_modified_time":"2025-05-27T14:58:26+00:00","og_image":[{"width":250,"height":250,"url":"https:\/\/guidesi.ch\/2023\/wp-content\/uploads\/2025\/05\/palazzo-congressi-lugano-250x250-min.png","type":"image\/png"}],"author":"admin","twitter_card":"summary_large_image","twitter_misc":{"\u00c9crit par":"admin"},"schema":{"@context":"https:\/\/schema.org","@graph":[{"@type":"Article","@id":"https:\/\/guidesi.ch\/fr\/1975-2025-50-ans-dhistoire-visites-guidees-du-palazzo-dei-congressi-de-lugano\/#article","isPartOf":{"@id":"https:\/\/guidesi.ch\/fr\/1975-2025-50-ans-dhistoire-visites-guidees-du-palazzo-dei-congressi-de-lugano\/"},"author":{"name":"admin","@id":"https:\/\/guidesi.ch\/#\/schema\/person\/287a0cb62a6b88425e5e785bf68350de"},"headline":"1975-2025 : 50 ans d&rsquo;histoire ! Visites guid\u00e9es du Palazzo dei Congressi de Lugano","datePublished":"2025-05-26T14:30:20+00:00","dateModified":"2025-05-27T14:58:26+00:00","mainEntityOfPage":{"@id":"https:\/\/guidesi.ch\/fr\/1975-2025-50-ans-dhistoire-visites-guidees-du-palazzo-dei-congressi-de-lugano\/"},"wordCount":92,"publisher":{"@id":"https:\/\/guidesi.ch\/#organization"},"image":{"@id":"https:\/\/guidesi.ch\/fr\/1975-2025-50-ans-dhistoire-visites-guidees-du-palazzo-dei-congressi-de-lugano\/#primaryimage"},"thumbnailUrl":"https:\/\/guidesi.ch\/2023\/wp-content\/uploads\/2025\/05\/palazzo-congressi-lugano-250x250-min.png","keywords":["TOUR"],"articleSection":["LUGANO ET ENVIRONS"],"inLanguage":"fr-FR"},{"@type":"WebPage","@id":"https:\/\/guidesi.ch\/fr\/1975-2025-50-ans-dhistoire-visites-guidees-du-palazzo-dei-congressi-de-lugano\/","url":"https:\/\/guidesi.ch\/fr\/1975-2025-50-ans-dhistoire-visites-guidees-du-palazzo-dei-congressi-de-lugano\/","name":"Palazzo dei Congressi Lugano - GuideSi","isPartOf":{"@id":"https:\/\/guidesi.ch\/#website"},"primaryImageOfPage":{"@id":"https:\/\/guidesi.ch\/fr\/1975-2025-50-ans-dhistoire-visites-guidees-du-palazzo-dei-congressi-de-lugano\/#primaryimage"},"image":{"@id":"https:\/\/guidesi.ch\/fr\/1975-2025-50-ans-dhistoire-visites-guidees-du-palazzo-dei-congressi-de-lugano\/#primaryimage"},"thumbnailUrl":"https:\/\/guidesi.ch\/2023\/wp-content\/uploads\/2025\/05\/palazzo-congressi-lugano-250x250-min.png","datePublished":"2025-05-26T14:30:20+00:00","dateModified":"2025-05-27T14:58:26+00:00","breadcrumb":{"@id":"https:\/\/guidesi.ch\/fr\/1975-2025-50-ans-dhistoire-visites-guidees-du-palazzo-dei-congressi-de-lugano\/#breadcrumb"},"inLanguage":"fr-FR","potentialAction":[{"@type":"ReadAction","target":["https:\/\/guidesi.ch\/fr\/1975-2025-50-ans-dhistoire-visites-guidees-du-palazzo-dei-congressi-de-lugano\/"]}]},{"@type":"ImageObject","inLanguage":"fr-FR","@id":"https:\/\/guidesi.ch\/fr\/1975-2025-50-ans-dhistoire-visites-guidees-du-palazzo-dei-congressi-de-lugano\/#primaryimage","url":"https:\/\/guidesi.ch\/2023\/wp-content\/uploads\/2025\/05\/palazzo-congressi-lugano-250x250-min.png","contentUrl":"https:\/\/guidesi.ch\/2023\/wp-content\/uploads\/2025\/05\/palazzo-congressi-lugano-250x250-min.png","width":250,"height":250},{"@type":"BreadcrumbList","@id":"https:\/\/guidesi.ch\/fr\/1975-2025-50-ans-dhistoire-visites-guidees-du-palazzo-dei-congressi-de-lugano\/#breadcrumb","itemListElement":[{"@type":"ListItem","position":1,"name":"Home","item":"https:\/\/guidesi.ch\/"},{"@type":"ListItem","position":2,"name":"1975-2025 : 50 ans d&rsquo;histoire ! Visites guid\u00e9es du Palazzo dei Congressi de Lugano"}]},{"@type":"WebSite","@id":"https:\/\/guidesi.ch\/#website","url":"https:\/\/guidesi.ch\/","name":"GuideSi","description":"Guide Turistiche della Svizzera Italiana","publisher":{"@id":"https:\/\/guidesi.ch\/#organization"},"potentialAction":[{"@type":"SearchAction","target":{"@type":"EntryPoint","urlTemplate":"https:\/\/guidesi.ch\/?s={search_term_string}"},"query-input":{"@type":"PropertyValueSpecification","valueRequired":true,"valueName":"search_term_string"}}],"inLanguage":"fr-FR"},{"@type":"Organization","@id":"https:\/\/guidesi.ch\/#organization","name":"GuideSi","url":"https:\/\/guidesi.ch\/","logo":{"@type":"ImageObject","inLanguage":"fr-FR","@id":"https:\/\/guidesi.ch\/#\/schema\/logo\/image\/","url":"https:\/\/guidesi.ch\/2023\/wp-content\/uploads\/2023\/09\/400x120_guidesi_logo.png","contentUrl":"https:\/\/guidesi.ch\/2023\/wp-content\/uploads\/2023\/09\/400x120_guidesi_logo.png","width":400,"height":120,"caption":"GuideSi"},"image":{"@id":"https:\/\/guidesi.ch\/#\/schema\/logo\/image\/"}},{"@type":"Person","@id":"https:\/\/guidesi.ch\/#\/schema\/person\/287a0cb62a6b88425e5e785bf68350de","name":"admin","image":{"@type":"ImageObject","inLanguage":"fr-FR","@id":"https:\/\/secure.gravatar.com\/avatar\/37c506f5d8aabe4a71f944fdc6d7c9c68f1a687f9d18adee23a2a20cbdcadde0?s=96&d=mm&r=g","url":"https:\/\/secure.gravatar.com\/avatar\/37c506f5d8aabe4a71f944fdc6d7c9c68f1a687f9d18adee23a2a20cbdcadde0?s=96&d=mm&r=g","contentUrl":"https:\/\/secure.gravatar.com\/avatar\/37c506f5d8aabe4a71f944fdc6d7c9c68f1a687f9d18adee23a2a20cbdcadde0?s=96&d=mm&r=g","caption":"admin"},"sameAs":["https:\/\/guidesi.ch\/2023"],"url":"https:\/\/guidesi.ch\/fr\/author\/fabio\/"}]}},"_links":{"self":[{"href":"https:\/\/guidesi.ch\/fr\/wp-json\/wp\/v2\/posts\/4862","targetHints":{"allow":["GET"]}}],"collection":[{"href":"https:\/\/guidesi.ch\/fr\/wp-json\/wp\/v2\/posts"}],"about":[{"href":"https:\/\/guidesi.ch\/fr\/wp-json\/wp\/v2\/types\/post"}],"author":[{"embeddable":true,"href":"https:\/\/guidesi.ch\/fr\/wp-json\/wp\/v2\/users\/1"}],"replies":[{"embeddable":true,"href":"https:\/\/guidesi.ch\/fr\/wp-json\/wp\/v2\/comments?post=4862"}],"version-history":[{"count":1,"href":"https:\/\/guidesi.ch\/fr\/wp-json\/wp\/v2\/posts\/4862\/revisions"}],"predecessor-version":[{"id":4863,"href":"https:\/\/guidesi.ch\/fr\/wp-json\/wp\/v2\/posts\/4862\/revisions\/4863"}],"wp:featuredmedia":[{"embeddable":true,"href":"https:\/\/guidesi.ch\/fr\/wp-json\/wp\/v2\/media\/4845"}],"wp:attachment":[{"href":"https:\/\/guidesi.ch\/fr\/wp-json\/wp\/v2\/media?parent=4862"}],"wp:term":[{"taxonomy":"category","embeddable":true,"href":"https:\/\/guidesi.ch\/fr\/wp-json\/wp\/v2\/categories?post=4862"},{"taxonomy":"post_tag","embeddable":true,"href":"https:\/\/guidesi.ch\/fr\/wp-json\/wp\/v2\/tags?post=4862"}],"curies":[{"name":"wp","href":"https:\/\/api.w.org\/{rel}","templated":true}]}}