{"id":908,"date":"2023-09-15T13:32:39","date_gmt":"2023-09-15T13:32:39","guid":{"rendered":"https:\/\/guidesi.ch\/2023\/mesolcina-san-vittore-et-les-grottos-de-cama\/"},"modified":"2023-09-27T09:20:07","modified_gmt":"2023-09-27T09:20:07","slug":"mesolcina-san-vittore-et-les-grottos-de-cama","status":"publish","type":"post","link":"https:\/\/guidesi.ch\/fr\/mesolcina-san-vittore-et-les-grottos-de-cama\/","title":{"rendered":"Mesolcina \u2013 San Vittore et les \u201cgrottos\u201d de Cama"},"content":{"rendered":"\t\t<div data-elementor-type=\"wp-post\" data-elementor-id=\"908\" class=\"elementor elementor-908 elementor-325\" data-elementor-post-type=\"post\">\n\t\t\t\t<div class=\"elementor-element elementor-element-6d15f7aa e-flex e-con-boxed e-con e-parent\" data-id=\"6d15f7aa\" data-element_type=\"container\" data-e-type=\"container\">\n\t\t\t\t\t<div class=\"e-con-inner\">\n\t\t\t\t<div class=\"elementor-element elementor-element-589fb82d elementor-widget elementor-widget-image\" data-id=\"589fb82d\" data-element_type=\"widget\" data-e-type=\"widget\" data-widget_type=\"image.default\">\n\t\t\t\t<div class=\"elementor-widget-container\">\n\t\t\t\t\t\t\t\t\t\t\t\t\t\t\t<img fetchpriority=\"high\" decoding=\"async\" width=\"1024\" height=\"511\" src=\"https:\/\/guidesi.ch\/2023\/wp-content\/uploads\/2023\/09\/La-Mesolcina-1024x511.jpg\" class=\"attachment-large size-large wp-image-910\" alt=\"\" srcset=\"https:\/\/guidesi.ch\/2023\/wp-content\/uploads\/2023\/09\/La-Mesolcina-1024x511.jpg 1024w, https:\/\/guidesi.ch\/2023\/wp-content\/uploads\/2023\/09\/La-Mesolcina-300x150.jpg 300w, https:\/\/guidesi.ch\/2023\/wp-content\/uploads\/2023\/09\/La-Mesolcina-768x383.jpg 768w, https:\/\/guidesi.ch\/2023\/wp-content\/uploads\/2023\/09\/La-Mesolcina.jpg 1170w\" sizes=\"(max-width: 1024px) 100vw, 1024px\" \/>\t\t\t\t\t\t\t\t\t\t\t\t\t\t\t<\/div>\n\t\t\t\t<\/div>\n\t\t\t\t\t<\/div>\n\t\t\t\t<\/div>\n\t\t<div class=\"elementor-element elementor-element-3027d832 e-flex e-con-boxed e-con e-parent\" data-id=\"3027d832\" data-element_type=\"container\" data-e-type=\"container\">\n\t\t\t\t\t<div class=\"e-con-inner\">\n\t\t<div class=\"elementor-element elementor-element-64fef282 e-con-full e-flex e-con e-child\" data-id=\"64fef282\" data-element_type=\"container\" data-e-type=\"container\">\n\t\t\t\t<div class=\"elementor-element elementor-element-7f557e1 elementor-widget elementor-widget-heading\" data-id=\"7f557e1\" data-element_type=\"widget\" data-e-type=\"widget\" data-widget_type=\"heading.default\">\n\t\t\t\t<div class=\"elementor-widget-container\">\n\t\t\t\t\t<h2 class=\"elementor-heading-title elementor-size-default\">Mesolcina \u2013 San Vittore et les \u201cgrottos\u201d de Cama<\/h2>\t\t\t\t<\/div>\n\t\t\t\t<\/div>\n\t\t\t\t<div class=\"elementor-element elementor-element-28b5aa52 elementor-widget elementor-widget-text-editor\" data-id=\"28b5aa52\" data-element_type=\"widget\" data-e-type=\"widget\" data-widget_type=\"text-editor.default\">\n\t\t\t\t<div class=\"elementor-widget-container\">\n\t\t\t\t\t\t\t\t\t<p>A San Vittore, nous visitons le mus\u00e9e de la vall\u00e9e, illustrant la vie rurale de nos anc\u00eatres. Il a \u00e9galement une section d\u00e9di\u00e9e \u00e0 l\u2019arch\u00e9ologie, ainsi qu\u2019une exposition permanente sur les \u00ab Magistri Moesani \u00bb tels que les architectes, les pl\u00e2triers et les ma\u00e7ons qui ont \u00e9crit un chapitre important de notre histoire. La Coll\u00e9giale, l\u2019\u00e9glise m\u00e8re de la vall\u00e9e Mesolcina, poss\u00e8de un tr\u00e9sor carolingien. A Cama, nous faisons une promenade \u00e0 travers le c\u0153ur des 46 \u201cgrottos\u201d priv\u00e9s, typiques structures du sud des Alpes, avec une histoire tr\u00e8s int\u00e9ressante. Il s\u2019agit de constructions en pierre ensevelies sous la roche ou bien b\u00e2ties entre des pierres cyclop\u00e9ennes, qui servaient aux familles de r\u00e9frig\u00e9rateur en utilisant l\u2019air frais du sous-sol qui a \u00e9t\u00e9 en contact avec des d\u00e9bits d\u2019eau phr\u00e9atique.    <\/p>\n\t\t\t\t\t\t\t\t<\/div>\n\t\t\t\t<\/div>\n\t\t\t\t<\/div>\n\t\t<div class=\"elementor-element elementor-element-7b757efd e-con-full e-flex e-con e-child\" data-id=\"7b757efd\" data-element_type=\"container\" data-e-type=\"container\">\n\t\t\t\t<div class=\"elementor-element elementor-element-315d9a81 elementor-widget elementor-widget-heading\" data-id=\"315d9a81\" data-element_type=\"widget\" data-e-type=\"widget\" data-widget_type=\"heading.default\">\n\t\t\t\t<div class=\"elementor-widget-container\">\n\t\t\t\t\t<h2 class=\"elementor-heading-title elementor-size-default\">PLUS D'INFORMATIONS:<\/h2>\t\t\t\t<\/div>\n\t\t\t\t<\/div>\n\t\t\t\t<div class=\"elementor-element elementor-element-4a3b6835 elementor-widget elementor-widget-text-editor\" data-id=\"4a3b6835\" data-element_type=\"widget\" data-e-type=\"widget\" data-widget_type=\"text-editor.default\">\n\t\t\t\t<div class=\"elementor-widget-container\">\n\t\t\t\t\t\t\t\t\t<p>E-Mail: <a href=\"mailto:info@guidesi.ch\">info@guidesi.ch<\/a><\/p>\n\t\t\t\t\t\t\t\t<\/div>\n\t\t\t\t<\/div>\n\t\t\t\t<\/div>\n\t\t\t\t\t<\/div>\n\t\t\t\t<\/div>\n\t\t<div class=\"elementor-element elementor-element-1db99fb1 e-flex e-con-boxed e-con e-parent\" data-id=\"1db99fb1\" data-element_type=\"container\" data-e-type=\"container\">\n\t\t\t\t\t<div class=\"e-con-inner\">\n\t\t\t\t<div class=\"elementor-element elementor-element-47efb4cf elementor-widget elementor-widget-heading\" data-id=\"47efb4cf\" data-element_type=\"widget\" data-e-type=\"widget\" data-widget_type=\"heading.default\">\n\t\t\t\t<div class=\"elementor-widget-container\">\n\t\t\t\t\t<h2 class=\"elementor-heading-title elementor-size-default\">Tours<\/h2>\t\t\t\t<\/div>\n\t\t\t\t<\/div>\n\t\t\t\t\t<\/div>\n\t\t\t\t<\/div>\n\t\t\t\t<\/div>\n\t\t","protected":false},"excerpt":{"rendered":"<p>Mesolcina \u2013 San Vittore et les \u201cgrottos\u201d de Cama A San Vittore, nous visitons le mus\u00e9e de la vall\u00e9e, illustrant la vie rurale de nos anc\u00eatres. Il a \u00e9galement une section d\u00e9di\u00e9e \u00e0 l\u2019arch\u00e9ologie, ainsi qu\u2019une exposition permanente sur les \u00ab Magistri Moesani \u00bb tels que les architectes, les pl\u00e2triers et les ma\u00e7ons qui ont [&hellip;]<\/p>\n","protected":false},"author":1,"featured_media":909,"comment_status":"open","ping_status":"closed","sticky":false,"template":"elementor_header_footer","format":"standard","meta":{"site-sidebar-layout":"default","site-content-layout":"","ast-site-content-layout":"default","site-content-style":"default","site-sidebar-style":"default","ast-global-header-display":"","ast-banner-title-visibility":"","ast-main-header-display":"","ast-hfb-above-header-display":"","ast-hfb-below-header-display":"","ast-hfb-mobile-header-display":"","site-post-title":"","ast-breadcrumbs-content":"","ast-featured-img":"","footer-sml-layout":"","ast-disable-related-posts":"","theme-transparent-header-meta":"","adv-header-id-meta":"","stick-header-meta":"","header-above-stick-meta":"","header-main-stick-meta":"","header-below-stick-meta":"","astra-migrate-meta-layouts":"default","ast-page-background-enabled":"default","ast-page-background-meta":{"desktop":{"background-color":"var(--ast-global-color-4)","background-image":"","background-repeat":"repeat","background-position":"center center","background-size":"auto","background-attachment":"scroll","background-type":"","background-media":"","overlay-type":"","overlay-color":"","overlay-opacity":"","overlay-gradient":""},"tablet":{"background-color":"","background-image":"","background-repeat":"repeat","background-position":"center center","background-size":"auto","background-attachment":"scroll","background-type":"","background-media":"","overlay-type":"","overlay-color":"","overlay-opacity":"","overlay-gradient":""},"mobile":{"background-color":"","background-image":"","background-repeat":"repeat","background-position":"center center","background-size":"auto","background-attachment":"scroll","background-type":"","background-media":"","overlay-type":"","overlay-color":"","overlay-opacity":"","overlay-gradient":""}},"ast-content-background-meta":{"desktop":{"background-color":"var(--ast-global-color-5)","background-image":"","background-repeat":"repeat","background-position":"center center","background-size":"auto","background-attachment":"scroll","background-type":"","background-media":"","overlay-type":"","overlay-color":"","overlay-opacity":"","overlay-gradient":""},"tablet":{"background-color":"var(--ast-global-color-5)","background-image":"","background-repeat":"repeat","background-position":"center center","background-size":"auto","background-attachment":"scroll","background-type":"","background-media":"","overlay-type":"","overlay-color":"","overlay-opacity":"","overlay-gradient":""},"mobile":{"background-color":"var(--ast-global-color-5)","background-image":"","background-repeat":"repeat","background-position":"center center","background-size":"auto","background-attachment":"scroll","background-type":"","background-media":"","overlay-type":"","overlay-color":"","overlay-opacity":"","overlay-gradient":""}},"footnotes":""},"categories":[58],"tags":[40],"class_list":["post-908","post","type-post","status-publish","format-standard","has-post-thumbnail","hentry","category-vallees-alpines","tag-tour-fr"],"yoast_head":"<!-- This site is optimized with the Yoast SEO plugin v27.4 - https:\/\/yoast.com\/product\/yoast-seo-wordpress\/ -->\n<title>Mesolcina \u2013 San Vittore et les \u201cgrottos\u201d de Cama - GuideSi<\/title>\n<meta name=\"robots\" content=\"index, follow, max-snippet:-1, max-image-preview:large, max-video-preview:-1\" \/>\n<link rel=\"canonical\" href=\"https:\/\/guidesi.ch\/la-mesolcina-san-vittore-e-grotti-di-cama\/\" \/>\n<meta property=\"og:locale\" content=\"fr_FR\" \/>\n<meta property=\"og:type\" content=\"article\" \/>\n<meta property=\"og:title\" content=\"Mesolcina \u2013 San Vittore et les \u201cgrottos\u201d de Cama - GuideSi\" \/>\n<meta property=\"og:description\" content=\"Mesolcina \u2013 San Vittore et les \u201cgrottos\u201d de Cama A San Vittore, nous visitons le mus\u00e9e de la vall\u00e9e, illustrant la vie rurale de nos anc\u00eatres. Il a \u00e9galement une section d\u00e9di\u00e9e \u00e0 l\u2019arch\u00e9ologie, ainsi qu\u2019une exposition permanente sur les \u00ab Magistri Moesani \u00bb tels que les architectes, les pl\u00e2triers et les ma\u00e7ons qui ont [&hellip;]\" \/>\n<meta property=\"og:url\" content=\"https:\/\/guidesi.ch\/la-mesolcina-san-vittore-e-grotti-di-cama\/\" \/>\n<meta property=\"og:site_name\" content=\"GuideSi\" \/>\n<meta property=\"article:published_time\" content=\"2023-09-15T13:32:39+00:00\" \/>\n<meta property=\"article:modified_time\" content=\"2023-09-27T09:20:07+00:00\" \/>\n<meta property=\"og:image\" content=\"https:\/\/guidesi.ch\/2023\/wp-content\/uploads\/2023\/09\/La-Mesolcina-250x.jpg\" \/>\n\t<meta property=\"og:image:width\" content=\"250\" \/>\n\t<meta property=\"og:image:height\" content=\"250\" \/>\n\t<meta property=\"og:image:type\" content=\"image\/jpeg\" \/>\n<meta name=\"author\" content=\"admin\" \/>\n<meta name=\"twitter:card\" content=\"summary_large_image\" \/>\n<meta name=\"twitter:label1\" content=\"\u00c9crit par\" \/>\n\t<meta name=\"twitter:data1\" content=\"admin\" \/>\n\t<meta name=\"twitter:label2\" content=\"Dur\u00e9e de lecture estim\u00e9e\" \/>\n\t<meta name=\"twitter:data2\" content=\"1 minute\" \/>\n<script type=\"application\/ld+json\" class=\"yoast-schema-graph\">{\"@context\":\"https:\\\/\\\/schema.org\",\"@graph\":[{\"@type\":\"Article\",\"@id\":\"https:\\\/\\\/guidesi.ch\\\/la-mesolcina-san-vittore-e-grotti-di-cama\\\/#article\",\"isPartOf\":{\"@id\":\"https:\\\/\\\/guidesi.ch\\\/la-mesolcina-san-vittore-e-grotti-di-cama\\\/\"},\"author\":{\"name\":\"admin\",\"@id\":\"https:\\\/\\\/guidesi.ch\\\/#\\\/schema\\\/person\\\/287a0cb62a6b88425e5e785bf68350de\"},\"headline\":\"Mesolcina \u2013 San Vittore et les \u201cgrottos\u201d de Cama\",\"datePublished\":\"2023-09-15T13:32:39+00:00\",\"dateModified\":\"2023-09-27T09:20:07+00:00\",\"mainEntityOfPage\":{\"@id\":\"https:\\\/\\\/guidesi.ch\\\/la-mesolcina-san-vittore-e-grotti-di-cama\\\/\"},\"wordCount\":177,\"commentCount\":0,\"publisher\":{\"@id\":\"https:\\\/\\\/guidesi.ch\\\/#organization\"},\"image\":{\"@id\":\"https:\\\/\\\/guidesi.ch\\\/la-mesolcina-san-vittore-e-grotti-di-cama\\\/#primaryimage\"},\"thumbnailUrl\":\"https:\\\/\\\/guidesi.ch\\\/2023\\\/wp-content\\\/uploads\\\/2023\\\/09\\\/La-Mesolcina-250x.jpg\",\"keywords\":[\"TOUR\"],\"articleSection\":[\"VALL\u00c9ES ALPINES\"],\"inLanguage\":\"fr-FR\",\"potentialAction\":[{\"@type\":\"CommentAction\",\"name\":\"Comment\",\"target\":[\"https:\\\/\\\/guidesi.ch\\\/la-mesolcina-san-vittore-e-grotti-di-cama\\\/#respond\"]}]},{\"@type\":\"WebPage\",\"@id\":\"https:\\\/\\\/guidesi.ch\\\/la-mesolcina-san-vittore-e-grotti-di-cama\\\/\",\"url\":\"https:\\\/\\\/guidesi.ch\\\/la-mesolcina-san-vittore-e-grotti-di-cama\\\/\",\"name\":\"Mesolcina \u2013 San Vittore et les \u201cgrottos\u201d de Cama - GuideSi\",\"isPartOf\":{\"@id\":\"https:\\\/\\\/guidesi.ch\\\/#website\"},\"primaryImageOfPage\":{\"@id\":\"https:\\\/\\\/guidesi.ch\\\/la-mesolcina-san-vittore-e-grotti-di-cama\\\/#primaryimage\"},\"image\":{\"@id\":\"https:\\\/\\\/guidesi.ch\\\/la-mesolcina-san-vittore-e-grotti-di-cama\\\/#primaryimage\"},\"thumbnailUrl\":\"https:\\\/\\\/guidesi.ch\\\/2023\\\/wp-content\\\/uploads\\\/2023\\\/09\\\/La-Mesolcina-250x.jpg\",\"datePublished\":\"2023-09-15T13:32:39+00:00\",\"dateModified\":\"2023-09-27T09:20:07+00:00\",\"breadcrumb\":{\"@id\":\"https:\\\/\\\/guidesi.ch\\\/la-mesolcina-san-vittore-e-grotti-di-cama\\\/#breadcrumb\"},\"inLanguage\":\"fr-FR\",\"potentialAction\":[{\"@type\":\"ReadAction\",\"target\":[\"https:\\\/\\\/guidesi.ch\\\/la-mesolcina-san-vittore-e-grotti-di-cama\\\/\"]}]},{\"@type\":\"ImageObject\",\"inLanguage\":\"fr-FR\",\"@id\":\"https:\\\/\\\/guidesi.ch\\\/la-mesolcina-san-vittore-e-grotti-di-cama\\\/#primaryimage\",\"url\":\"https:\\\/\\\/guidesi.ch\\\/2023\\\/wp-content\\\/uploads\\\/2023\\\/09\\\/La-Mesolcina-250x.jpg\",\"contentUrl\":\"https:\\\/\\\/guidesi.ch\\\/2023\\\/wp-content\\\/uploads\\\/2023\\\/09\\\/La-Mesolcina-250x.jpg\",\"width\":250,\"height\":250},{\"@type\":\"BreadcrumbList\",\"@id\":\"https:\\\/\\\/guidesi.ch\\\/la-mesolcina-san-vittore-e-grotti-di-cama\\\/#breadcrumb\",\"itemListElement\":[{\"@type\":\"ListItem\",\"position\":1,\"name\":\"Home\",\"item\":\"https:\\\/\\\/guidesi.ch\\\/\"},{\"@type\":\"ListItem\",\"position\":2,\"name\":\"Mesolcina \u2013 San Vittore et les \u201cgrottos\u201d de Cama\"}]},{\"@type\":\"WebSite\",\"@id\":\"https:\\\/\\\/guidesi.ch\\\/#website\",\"url\":\"https:\\\/\\\/guidesi.ch\\\/\",\"name\":\"GuideSi\",\"description\":\"Guide Turistiche della Svizzera Italiana\",\"publisher\":{\"@id\":\"https:\\\/\\\/guidesi.ch\\\/#organization\"},\"potentialAction\":[{\"@type\":\"SearchAction\",\"target\":{\"@type\":\"EntryPoint\",\"urlTemplate\":\"https:\\\/\\\/guidesi.ch\\\/?s={search_term_string}\"},\"query-input\":{\"@type\":\"PropertyValueSpecification\",\"valueRequired\":true,\"valueName\":\"search_term_string\"}}],\"inLanguage\":\"fr-FR\"},{\"@type\":\"Organization\",\"@id\":\"https:\\\/\\\/guidesi.ch\\\/#organization\",\"name\":\"GuideSi\",\"url\":\"https:\\\/\\\/guidesi.ch\\\/\",\"logo\":{\"@type\":\"ImageObject\",\"inLanguage\":\"fr-FR\",\"@id\":\"https:\\\/\\\/guidesi.ch\\\/#\\\/schema\\\/logo\\\/image\\\/\",\"url\":\"https:\\\/\\\/guidesi.ch\\\/2023\\\/wp-content\\\/uploads\\\/2023\\\/09\\\/400x120_guidesi_logo.png\",\"contentUrl\":\"https:\\\/\\\/guidesi.ch\\\/2023\\\/wp-content\\\/uploads\\\/2023\\\/09\\\/400x120_guidesi_logo.png\",\"width\":400,\"height\":120,\"caption\":\"GuideSi\"},\"image\":{\"@id\":\"https:\\\/\\\/guidesi.ch\\\/#\\\/schema\\\/logo\\\/image\\\/\"}},{\"@type\":\"Person\",\"@id\":\"https:\\\/\\\/guidesi.ch\\\/#\\\/schema\\\/person\\\/287a0cb62a6b88425e5e785bf68350de\",\"name\":\"admin\",\"image\":{\"@type\":\"ImageObject\",\"inLanguage\":\"fr-FR\",\"@id\":\"https:\\\/\\\/secure.gravatar.com\\\/avatar\\\/37c506f5d8aabe4a71f944fdc6d7c9c68f1a687f9d18adee23a2a20cbdcadde0?s=96&d=mm&r=g\",\"url\":\"https:\\\/\\\/secure.gravatar.com\\\/avatar\\\/37c506f5d8aabe4a71f944fdc6d7c9c68f1a687f9d18adee23a2a20cbdcadde0?s=96&d=mm&r=g\",\"contentUrl\":\"https:\\\/\\\/secure.gravatar.com\\\/avatar\\\/37c506f5d8aabe4a71f944fdc6d7c9c68f1a687f9d18adee23a2a20cbdcadde0?s=96&d=mm&r=g\",\"caption\":\"admin\"},\"sameAs\":[\"https:\\\/\\\/guidesi.ch\\\/2023\"],\"url\":\"https:\\\/\\\/guidesi.ch\\\/fr\\\/author\\\/fabio\\\/\"}]}<\/script>\n<!-- \/ Yoast SEO plugin. -->","yoast_head_json":{"title":"Mesolcina \u2013 San Vittore et les \u201cgrottos\u201d de Cama - GuideSi","robots":{"index":"index","follow":"follow","max-snippet":"max-snippet:-1","max-image-preview":"max-image-preview:large","max-video-preview":"max-video-preview:-1"},"canonical":"https:\/\/guidesi.ch\/la-mesolcina-san-vittore-e-grotti-di-cama\/","og_locale":"fr_FR","og_type":"article","og_title":"Mesolcina \u2013 San Vittore et les \u201cgrottos\u201d de Cama - GuideSi","og_description":"Mesolcina \u2013 San Vittore et les \u201cgrottos\u201d de Cama A San Vittore, nous visitons le mus\u00e9e de la vall\u00e9e, illustrant la vie rurale de nos anc\u00eatres. Il a \u00e9galement une section d\u00e9di\u00e9e \u00e0 l\u2019arch\u00e9ologie, ainsi qu\u2019une exposition permanente sur les \u00ab Magistri Moesani \u00bb tels que les architectes, les pl\u00e2triers et les ma\u00e7ons qui ont [&hellip;]","og_url":"https:\/\/guidesi.ch\/la-mesolcina-san-vittore-e-grotti-di-cama\/","og_site_name":"GuideSi","article_published_time":"2023-09-15T13:32:39+00:00","article_modified_time":"2023-09-27T09:20:07+00:00","og_image":[{"width":250,"height":250,"url":"https:\/\/guidesi.ch\/2023\/wp-content\/uploads\/2023\/09\/La-Mesolcina-250x.jpg","type":"image\/jpeg"}],"author":"admin","twitter_card":"summary_large_image","twitter_misc":{"\u00c9crit par":"admin","Dur\u00e9e de lecture estim\u00e9e":"1 minute"},"schema":{"@context":"https:\/\/schema.org","@graph":[{"@type":"Article","@id":"https:\/\/guidesi.ch\/la-mesolcina-san-vittore-e-grotti-di-cama\/#article","isPartOf":{"@id":"https:\/\/guidesi.ch\/la-mesolcina-san-vittore-e-grotti-di-cama\/"},"author":{"name":"admin","@id":"https:\/\/guidesi.ch\/#\/schema\/person\/287a0cb62a6b88425e5e785bf68350de"},"headline":"Mesolcina \u2013 San Vittore et les \u201cgrottos\u201d de Cama","datePublished":"2023-09-15T13:32:39+00:00","dateModified":"2023-09-27T09:20:07+00:00","mainEntityOfPage":{"@id":"https:\/\/guidesi.ch\/la-mesolcina-san-vittore-e-grotti-di-cama\/"},"wordCount":177,"commentCount":0,"publisher":{"@id":"https:\/\/guidesi.ch\/#organization"},"image":{"@id":"https:\/\/guidesi.ch\/la-mesolcina-san-vittore-e-grotti-di-cama\/#primaryimage"},"thumbnailUrl":"https:\/\/guidesi.ch\/2023\/wp-content\/uploads\/2023\/09\/La-Mesolcina-250x.jpg","keywords":["TOUR"],"articleSection":["VALL\u00c9ES ALPINES"],"inLanguage":"fr-FR","potentialAction":[{"@type":"CommentAction","name":"Comment","target":["https:\/\/guidesi.ch\/la-mesolcina-san-vittore-e-grotti-di-cama\/#respond"]}]},{"@type":"WebPage","@id":"https:\/\/guidesi.ch\/la-mesolcina-san-vittore-e-grotti-di-cama\/","url":"https:\/\/guidesi.ch\/la-mesolcina-san-vittore-e-grotti-di-cama\/","name":"Mesolcina \u2013 San Vittore et les \u201cgrottos\u201d de Cama - GuideSi","isPartOf":{"@id":"https:\/\/guidesi.ch\/#website"},"primaryImageOfPage":{"@id":"https:\/\/guidesi.ch\/la-mesolcina-san-vittore-e-grotti-di-cama\/#primaryimage"},"image":{"@id":"https:\/\/guidesi.ch\/la-mesolcina-san-vittore-e-grotti-di-cama\/#primaryimage"},"thumbnailUrl":"https:\/\/guidesi.ch\/2023\/wp-content\/uploads\/2023\/09\/La-Mesolcina-250x.jpg","datePublished":"2023-09-15T13:32:39+00:00","dateModified":"2023-09-27T09:20:07+00:00","breadcrumb":{"@id":"https:\/\/guidesi.ch\/la-mesolcina-san-vittore-e-grotti-di-cama\/#breadcrumb"},"inLanguage":"fr-FR","potentialAction":[{"@type":"ReadAction","target":["https:\/\/guidesi.ch\/la-mesolcina-san-vittore-e-grotti-di-cama\/"]}]},{"@type":"ImageObject","inLanguage":"fr-FR","@id":"https:\/\/guidesi.ch\/la-mesolcina-san-vittore-e-grotti-di-cama\/#primaryimage","url":"https:\/\/guidesi.ch\/2023\/wp-content\/uploads\/2023\/09\/La-Mesolcina-250x.jpg","contentUrl":"https:\/\/guidesi.ch\/2023\/wp-content\/uploads\/2023\/09\/La-Mesolcina-250x.jpg","width":250,"height":250},{"@type":"BreadcrumbList","@id":"https:\/\/guidesi.ch\/la-mesolcina-san-vittore-e-grotti-di-cama\/#breadcrumb","itemListElement":[{"@type":"ListItem","position":1,"name":"Home","item":"https:\/\/guidesi.ch\/"},{"@type":"ListItem","position":2,"name":"Mesolcina \u2013 San Vittore et les \u201cgrottos\u201d de Cama"}]},{"@type":"WebSite","@id":"https:\/\/guidesi.ch\/#website","url":"https:\/\/guidesi.ch\/","name":"GuideSi","description":"Guide Turistiche della Svizzera Italiana","publisher":{"@id":"https:\/\/guidesi.ch\/#organization"},"potentialAction":[{"@type":"SearchAction","target":{"@type":"EntryPoint","urlTemplate":"https:\/\/guidesi.ch\/?s={search_term_string}"},"query-input":{"@type":"PropertyValueSpecification","valueRequired":true,"valueName":"search_term_string"}}],"inLanguage":"fr-FR"},{"@type":"Organization","@id":"https:\/\/guidesi.ch\/#organization","name":"GuideSi","url":"https:\/\/guidesi.ch\/","logo":{"@type":"ImageObject","inLanguage":"fr-FR","@id":"https:\/\/guidesi.ch\/#\/schema\/logo\/image\/","url":"https:\/\/guidesi.ch\/2023\/wp-content\/uploads\/2023\/09\/400x120_guidesi_logo.png","contentUrl":"https:\/\/guidesi.ch\/2023\/wp-content\/uploads\/2023\/09\/400x120_guidesi_logo.png","width":400,"height":120,"caption":"GuideSi"},"image":{"@id":"https:\/\/guidesi.ch\/#\/schema\/logo\/image\/"}},{"@type":"Person","@id":"https:\/\/guidesi.ch\/#\/schema\/person\/287a0cb62a6b88425e5e785bf68350de","name":"admin","image":{"@type":"ImageObject","inLanguage":"fr-FR","@id":"https:\/\/secure.gravatar.com\/avatar\/37c506f5d8aabe4a71f944fdc6d7c9c68f1a687f9d18adee23a2a20cbdcadde0?s=96&d=mm&r=g","url":"https:\/\/secure.gravatar.com\/avatar\/37c506f5d8aabe4a71f944fdc6d7c9c68f1a687f9d18adee23a2a20cbdcadde0?s=96&d=mm&r=g","contentUrl":"https:\/\/secure.gravatar.com\/avatar\/37c506f5d8aabe4a71f944fdc6d7c9c68f1a687f9d18adee23a2a20cbdcadde0?s=96&d=mm&r=g","caption":"admin"},"sameAs":["https:\/\/guidesi.ch\/2023"],"url":"https:\/\/guidesi.ch\/fr\/author\/fabio\/"}]}},"_links":{"self":[{"href":"https:\/\/guidesi.ch\/fr\/wp-json\/wp\/v2\/posts\/908","targetHints":{"allow":["GET"]}}],"collection":[{"href":"https:\/\/guidesi.ch\/fr\/wp-json\/wp\/v2\/posts"}],"about":[{"href":"https:\/\/guidesi.ch\/fr\/wp-json\/wp\/v2\/types\/post"}],"author":[{"embeddable":true,"href":"https:\/\/guidesi.ch\/fr\/wp-json\/wp\/v2\/users\/1"}],"replies":[{"embeddable":true,"href":"https:\/\/guidesi.ch\/fr\/wp-json\/wp\/v2\/comments?post=908"}],"version-history":[{"count":2,"href":"https:\/\/guidesi.ch\/fr\/wp-json\/wp\/v2\/posts\/908\/revisions"}],"predecessor-version":[{"id":3393,"href":"https:\/\/guidesi.ch\/fr\/wp-json\/wp\/v2\/posts\/908\/revisions\/3393"}],"wp:featuredmedia":[{"embeddable":true,"href":"https:\/\/guidesi.ch\/fr\/wp-json\/wp\/v2\/media\/909"}],"wp:attachment":[{"href":"https:\/\/guidesi.ch\/fr\/wp-json\/wp\/v2\/media?parent=908"}],"wp:term":[{"taxonomy":"category","embeddable":true,"href":"https:\/\/guidesi.ch\/fr\/wp-json\/wp\/v2\/categories?post=908"},{"taxonomy":"post_tag","embeddable":true,"href":"https:\/\/guidesi.ch\/fr\/wp-json\/wp\/v2\/tags?post=908"}],"curies":[{"name":"wp","href":"https:\/\/api.w.org\/{rel}","templated":true}]}}